{"id":1894,"date":"2026-08-26T16:51:55","date_gmt":"2026-08-26T14:51:55","guid":{"rendered":"https:\/\/equilaw.be\/equi-at-the-women-in-work-wiw-conference-in-london\/"},"modified":"2026-08-26T16:56:31","modified_gmt":"2026-08-26T14:56:31","slug":"equi-at-the-women-in-work-wiw-conference-in-london","status":"publish","type":"post","link":"https:\/\/equilaw.be\/nl\/equi-at-the-women-in-work-wiw-conference-in-london\/","title":{"rendered":"EQUI op de Women in Work (WIW) Conference in Londen"},"content":{"rendered":"\n<p class=\"wp-block-paragraph\">Met veel plezier kondigen wij aan dat <strong>EQUI op 7 en 8 oktober 2026 zal deelnemen aan de Women in Work Conference in Londen<\/strong>.<\/p>\n\n\n\n<p class=\"wp-block-paragraph\"><strong>Ma\u00eft\u00e9 Rowies<\/strong> en <strong>Marie Michaud-N\u00e9rard<\/strong> zullen EQUI vertegenwoordigen tijdens twee dagen vol inspirerende gesprekken, nieuwe perspectieven en waardevolle uitwisselingen over de veranderende wereld van werk.<\/p>\n\n\n\n<p class=\"wp-block-paragraph\">De conferentie biedt een mooie gelegenheid om in contact te komen met arbeidsrechtspecialisten uit het Verenigd Koninkrijk en daarbuiten, ervaringen en inzichten uit te wisselen en van gedachten te wisselen over de uitdagingen en ontwikkelingen die de werkplek van morgen vormgeven.<\/p>\n\n\n\n<p class=\"wp-block-paragraph\">Ma\u00eft\u00e9 en Marie kijken ernaar uit om bekende gezichten terug te zien, nieuwe contacten te leggen en nieuwe inzichten mee terug te nemen naar EQUI.<\/p>\n\n\n\n<p class=\"wp-block-paragraph\"><strong>Op naar Londen!<\/strong><\/p>\n\n\n\n<p class=\"wp-block-paragraph\"><\/p>\n","protected":false},"excerpt":{"rendered":"<p>Met veel plezier kondigen wij aan dat EQUI op 7 en 8 oktober 2026 zal deelnemen aan de Women in&#8230;<\/p>\n","protected":false},"author":2,"featured_media":693,"comment_status":"open","ping_status":"closed","sticky":false,"template":"","format":"standard","meta":{"_acf_changed":false,"inline_featured_image":false,"footnotes":""},"categories":[50],"tags":[],"class_list":["post-1894","post","type-post","status-publish","format-standard","has-post-thumbnail","hentry","category-nieuws"],"acf":[],"aioseo_notices":[],"aioseo_head":"\n\t\t<!-- All in One SEO 5.0.0.1 - aioseo.com -->\n\t<meta name=\"description\" content=\"Met veel plezier kondigen wij aan dat EQUI op 7 en 8 oktober 2026 zal deelnemen aan de Women in Work Conference in Londen. Ma\u00eft\u00e9 Rowies en Marie Michaud-N\u00e9rard zullen EQUI vertegenwoordigen tijdens twee dagen vol inspirerende gesprekken, nieuwe perspectieven en waardevolle uitwisselingen over de veranderende wereld van werk. De conferentie biedt een mooie gelegenheid\" \/>\n\t<meta name=\"robots\" content=\"max-image-preview:large\" \/>\n\t<meta name=\"author\" content=\"Equi\"\/>\n\t<link rel=\"canonical\" href=\"https:\/\/equilaw.be\/nl\/equi-at-the-women-in-work-wiw-conference-in-london\/\" \/>\n\t<meta name=\"generator\" content=\"All in One SEO (AIOSEO) 5.0.0.1\" \/>\n\t\t<meta property=\"og:locale\" content=\"nl_NL\" \/>\n\t\t<meta property=\"og:site_name\" content=\"EQUI - Belgisch advocatenkantoor gespecialiseerd in arbeidsrecht in Brussel\" \/>\n\t\t<meta property=\"og:type\" content=\"article\" \/>\n\t\t<meta property=\"og:title\" content=\"EQUI op de Women in Work (WIW) Conference in Londen - EQUI\" \/>\n\t\t<meta property=\"og:description\" content=\"Met veel plezier kondigen wij aan dat EQUI op 7 en 8 oktober 2026 zal deelnemen aan de Women in Work Conference in Londen. Ma\u00eft\u00e9 Rowies en Marie Michaud-N\u00e9rard zullen EQUI vertegenwoordigen tijdens twee dagen vol inspirerende gesprekken, nieuwe perspectieven en waardevolle uitwisselingen over de veranderende wereld van werk. De conferentie biedt een mooie gelegenheid\" \/>\n\t\t<meta property=\"og:url\" content=\"https:\/\/equilaw.be\/nl\/equi-at-the-women-in-work-wiw-conference-in-london\/\" \/>\n\t\t<meta property=\"og:image\" content=\"https:\/\/equilaw.be\/wp-content\/uploads\/2024\/12\/Group-60.svg\" \/>\n\t\t<meta property=\"og:image:secure_url\" content=\"https:\/\/equilaw.be\/wp-content\/uploads\/2024\/12\/Group-60.svg\" \/>\n\t\t<meta property=\"article:published_time\" content=\"2026-08-26T14:51:55+00:00\" \/>\n\t\t<meta property=\"article:modified_time\" content=\"2026-08-26T14:56:31+00:00\" \/>\n\t\t<meta name=\"twitter:card\" content=\"summary_large_image\" \/>\n\t\t<meta name=\"twitter:title\" content=\"EQUI op de Women in Work (WIW) Conference in Londen - EQUI\" \/>\n\t\t<meta name=\"twitter:description\" content=\"Met veel plezier kondigen wij aan dat EQUI op 7 en 8 oktober 2026 zal deelnemen aan de Women in Work Conference in Londen. Ma\u00eft\u00e9 Rowies en Marie Michaud-N\u00e9rard zullen EQUI vertegenwoordigen tijdens twee dagen vol inspirerende gesprekken, nieuwe perspectieven en waardevolle uitwisselingen over de veranderende wereld van werk. De conferentie biedt een mooie gelegenheid\" \/>\n\t\t<meta name=\"twitter:image\" content=\"https:\/\/equilaw.be\/wp-content\/uploads\/2024\/12\/Group-60.svg\" \/>\n\t\t<script type=\"application\/ld+json\" class=\"aioseo-schema\">\n\t\t\t{\"@context\":\"https:\\\/\\\/schema.org\",\"@graph\":[{\"@type\":\"BlogPosting\",\"@id\":\"https:\\\/\\\/equilaw.be\\\/nl\\\/equi-at-the-women-in-work-wiw-conference-in-london\\\/#blogposting\",\"name\":\"EQUI op de Women in Work (WIW) Conference in Londen - EQUI\",\"headline\":\"EQUI op de Women in Work (WIW) Conference in Londen\",\"author\":{\"@id\":\"https:\\\/\\\/equilaw.be\\\/nl\\\/author\\\/admin_equi\\\/#author\"},\"publisher\":{\"@id\":\"https:\\\/\\\/equilaw.be\\\/nl\\\/#organization\"},\"image\":{\"@type\":\"ImageObject\",\"url\":\"https:\\\/\\\/equilaw.be\\\/wp-content\\\/uploads\\\/2025\\\/02\\\/Group-2.jpg\",\"width\":540,\"height\":693},\"datePublished\":\"2026-08-26T16:51:55+02:00\",\"dateModified\":\"2026-08-26T16:56:31+02:00\",\"inLanguage\":\"nl-NL\",\"mainEntityOfPage\":{\"@id\":\"https:\\\/\\\/equilaw.be\\\/nl\\\/equi-at-the-women-in-work-wiw-conference-in-london\\\/#webpage\"},\"isPartOf\":{\"@id\":\"https:\\\/\\\/equilaw.be\\\/nl\\\/equi-at-the-women-in-work-wiw-conference-in-london\\\/#webpage\"},\"articleSection\":\"Nieuws, Optioneel\"},{\"@type\":\"BreadcrumbList\",\"@id\":\"https:\\\/\\\/equilaw.be\\\/nl\\\/equi-at-the-women-in-work-wiw-conference-in-london\\\/#breadcrumblist\",\"itemListElement\":[{\"@type\":\"ListItem\",\"@id\":\"https:\\\/\\\/equilaw.be\\\/nl\\\/#listItem\",\"position\":1,\"name\":\"Home\",\"item\":\"https:\\\/\\\/equilaw.be\\\/nl\\\/\",\"nextItem\":{\"@type\":\"ListItem\",\"@id\":\"https:\\\/\\\/equilaw.be\\\/nl\\\/blog\\\/nieuws\\\/#listItem\",\"name\":\"Nieuws\"}},{\"@type\":\"ListItem\",\"@id\":\"https:\\\/\\\/equilaw.be\\\/nl\\\/blog\\\/nieuws\\\/#listItem\",\"position\":2,\"name\":\"Nieuws\",\"item\":\"https:\\\/\\\/equilaw.be\\\/nl\\\/blog\\\/nieuws\\\/\",\"nextItem\":{\"@type\":\"ListItem\",\"@id\":\"https:\\\/\\\/equilaw.be\\\/nl\\\/equi-at-the-women-in-work-wiw-conference-in-london\\\/#listItem\",\"name\":\"EQUI op de Women in Work (WIW) Conference in Londen\"},\"previousItem\":{\"@type\":\"ListItem\",\"@id\":\"https:\\\/\\\/equilaw.be\\\/nl\\\/#listItem\",\"name\":\"Home\"}},{\"@type\":\"ListItem\",\"@id\":\"https:\\\/\\\/equilaw.be\\\/nl\\\/equi-at-the-women-in-work-wiw-conference-in-london\\\/#listItem\",\"position\":3,\"name\":\"EQUI op de Women in Work (WIW) Conference in Londen\",\"previousItem\":{\"@type\":\"ListItem\",\"@id\":\"https:\\\/\\\/equilaw.be\\\/nl\\\/blog\\\/nieuws\\\/#listItem\",\"name\":\"Nieuws\"}}]},{\"@type\":\"Organization\",\"@id\":\"https:\\\/\\\/equilaw.be\\\/nl\\\/#organization\",\"name\":\"EQUI\",\"description\":\"Belgisch advocatenkantoor gespecialiseerd in arbeidsrecht in Brussel\",\"url\":\"https:\\\/\\\/equilaw.be\\\/nl\\\/\",\"logo\":{\"@type\":\"ImageObject\",\"url\":\"https:\\\/\\\/equilaw.be\\\/wp-content\\\/uploads\\\/2024\\\/12\\\/Group-60.svg\",\"@id\":\"https:\\\/\\\/equilaw.be\\\/nl\\\/equi-at-the-women-in-work-wiw-conference-in-london\\\/#organizationLogo\",\"width\":75,\"height\":87},\"image\":{\"@id\":\"https:\\\/\\\/equilaw.be\\\/nl\\\/equi-at-the-women-in-work-wiw-conference-in-london\\\/#organizationLogo\"}},{\"@type\":\"Person\",\"@id\":\"https:\\\/\\\/equilaw.be\\\/nl\\\/author\\\/admin_equi\\\/#author\",\"url\":\"https:\\\/\\\/equilaw.be\\\/nl\\\/author\\\/admin_equi\\\/\",\"name\":\"Equi\",\"image\":{\"@type\":\"ImageObject\",\"@id\":\"https:\\\/\\\/equilaw.be\\\/nl\\\/equi-at-the-women-in-work-wiw-conference-in-london\\\/#authorImage\",\"url\":\"https:\\\/\\\/secure.gravatar.com\\\/avatar\\\/223cc144870bd81a9e913a2ada7b047b99a7560d3b31f0e56a5af965b7ca0a5e?s=96&d=mm&r=g\",\"width\":96,\"height\":96,\"caption\":\"Equi\"}},{\"@type\":\"WebPage\",\"@id\":\"https:\\\/\\\/equilaw.be\\\/nl\\\/equi-at-the-women-in-work-wiw-conference-in-london\\\/#webpage\",\"url\":\"https:\\\/\\\/equilaw.be\\\/nl\\\/equi-at-the-women-in-work-wiw-conference-in-london\\\/\",\"name\":\"EQUI op de Women in Work (WIW) Conference in Londen - EQUI\",\"description\":\"Met veel plezier kondigen wij aan dat EQUI op 7 en 8 oktober 2026 zal deelnemen aan de Women in Work Conference in Londen. Ma\\u00eft\\u00e9 Rowies en Marie Michaud-N\\u00e9rard zullen EQUI vertegenwoordigen tijdens twee dagen vol inspirerende gesprekken, nieuwe perspectieven en waardevolle uitwisselingen over de veranderende wereld van werk. De conferentie biedt een mooie gelegenheid\",\"inLanguage\":\"nl-NL\",\"isPartOf\":{\"@id\":\"https:\\\/\\\/equilaw.be\\\/nl\\\/#website\"},\"breadcrumb\":{\"@id\":\"https:\\\/\\\/equilaw.be\\\/nl\\\/equi-at-the-women-in-work-wiw-conference-in-london\\\/#breadcrumblist\"},\"author\":{\"@id\":\"https:\\\/\\\/equilaw.be\\\/nl\\\/author\\\/admin_equi\\\/#author\"},\"creator\":{\"@id\":\"https:\\\/\\\/equilaw.be\\\/nl\\\/author\\\/admin_equi\\\/#author\"},\"image\":{\"@type\":\"ImageObject\",\"url\":\"https:\\\/\\\/equilaw.be\\\/wp-content\\\/uploads\\\/2025\\\/02\\\/Group-2.jpg\",\"@id\":\"https:\\\/\\\/equilaw.be\\\/nl\\\/equi-at-the-women-in-work-wiw-conference-in-london\\\/#mainImage\",\"width\":540,\"height\":693},\"primaryImageOfPage\":{\"@id\":\"https:\\\/\\\/equilaw.be\\\/nl\\\/equi-at-the-women-in-work-wiw-conference-in-london\\\/#mainImage\"},\"datePublished\":\"2026-08-26T16:51:55+02:00\",\"dateModified\":\"2026-08-26T16:56:31+02:00\"},{\"@type\":\"WebSite\",\"@id\":\"https:\\\/\\\/equilaw.be\\\/nl\\\/#website\",\"url\":\"https:\\\/\\\/equilaw.be\\\/nl\\\/\",\"name\":\"EQUI\",\"description\":\"Belgisch advocatenkantoor gespecialiseerd in arbeidsrecht in Brussel\",\"inLanguage\":\"nl-NL\",\"publisher\":{\"@id\":\"https:\\\/\\\/equilaw.be\\\/nl\\\/#organization\"}}]}\n\t\t<\/script>\n\t\t<!-- All in One SEO -->\n\n","aioseo_head_json":{"title":"EQUI op de Women in Work (WIW) Conference in Londen - EQUI","description":"Met veel plezier kondigen wij aan dat EQUI op 7 en 8 oktober 2026 zal deelnemen aan de Women in Work Conference in Londen. Ma\u00eft\u00e9 Rowies en Marie Michaud-N\u00e9rard zullen EQUI vertegenwoordigen tijdens twee dagen vol inspirerende gesprekken, nieuwe perspectieven en waardevolle uitwisselingen over de veranderende wereld van werk. De conferentie biedt een mooie gelegenheid","canonical_url":"https:\/\/equilaw.be\/nl\/equi-at-the-women-in-work-wiw-conference-in-london\/","robots":"max-image-preview:large","keywords":"","webmasterTools":{"miscellaneous":""},"schema":{"@context":"https:\/\/schema.org","@graph":[{"@type":"BlogPosting","@id":"https:\/\/equilaw.be\/nl\/equi-at-the-women-in-work-wiw-conference-in-london\/#blogposting","name":"EQUI op de Women in Work (WIW) Conference in Londen - EQUI","headline":"EQUI op de Women in Work (WIW) Conference in Londen","author":{"@id":"https:\/\/equilaw.be\/nl\/author\/admin_equi\/#author"},"publisher":{"@id":"https:\/\/equilaw.be\/nl\/#organization"},"image":{"@type":"ImageObject","url":"https:\/\/equilaw.be\/wp-content\/uploads\/2025\/02\/Group-2.jpg","width":540,"height":693},"datePublished":"2026-08-26T16:51:55+02:00","dateModified":"2026-08-26T16:56:31+02:00","inLanguage":"nl-NL","mainEntityOfPage":{"@id":"https:\/\/equilaw.be\/nl\/equi-at-the-women-in-work-wiw-conference-in-london\/#webpage"},"isPartOf":{"@id":"https:\/\/equilaw.be\/nl\/equi-at-the-women-in-work-wiw-conference-in-london\/#webpage"},"articleSection":"Nieuws, Optioneel"},{"@type":"BreadcrumbList","@id":"https:\/\/equilaw.be\/nl\/equi-at-the-women-in-work-wiw-conference-in-london\/#breadcrumblist","itemListElement":[{"@type":"ListItem","@id":"https:\/\/equilaw.be\/nl\/#listItem","position":1,"name":"Home","item":"https:\/\/equilaw.be\/nl\/","nextItem":{"@type":"ListItem","@id":"https:\/\/equilaw.be\/nl\/blog\/nieuws\/#listItem","name":"Nieuws"}},{"@type":"ListItem","@id":"https:\/\/equilaw.be\/nl\/blog\/nieuws\/#listItem","position":2,"name":"Nieuws","item":"https:\/\/equilaw.be\/nl\/blog\/nieuws\/","nextItem":{"@type":"ListItem","@id":"https:\/\/equilaw.be\/nl\/equi-at-the-women-in-work-wiw-conference-in-london\/#listItem","name":"EQUI op de Women in Work (WIW) Conference in Londen"},"previousItem":{"@type":"ListItem","@id":"https:\/\/equilaw.be\/nl\/#listItem","name":"Home"}},{"@type":"ListItem","@id":"https:\/\/equilaw.be\/nl\/equi-at-the-women-in-work-wiw-conference-in-london\/#listItem","position":3,"name":"EQUI op de Women in Work (WIW) Conference in Londen","previousItem":{"@type":"ListItem","@id":"https:\/\/equilaw.be\/nl\/blog\/nieuws\/#listItem","name":"Nieuws"}}]},{"@type":"Organization","@id":"https:\/\/equilaw.be\/nl\/#organization","name":"EQUI","description":"Belgisch advocatenkantoor gespecialiseerd in arbeidsrecht in Brussel","url":"https:\/\/equilaw.be\/nl\/","logo":{"@type":"ImageObject","url":"https:\/\/equilaw.be\/wp-content\/uploads\/2024\/12\/Group-60.svg","@id":"https:\/\/equilaw.be\/nl\/equi-at-the-women-in-work-wiw-conference-in-london\/#organizationLogo","width":75,"height":87},"image":{"@id":"https:\/\/equilaw.be\/nl\/equi-at-the-women-in-work-wiw-conference-in-london\/#organizationLogo"}},{"@type":"Person","@id":"https:\/\/equilaw.be\/nl\/author\/admin_equi\/#author","url":"https:\/\/equilaw.be\/nl\/author\/admin_equi\/","name":"Equi","image":{"@type":"ImageObject","@id":"https:\/\/equilaw.be\/nl\/equi-at-the-women-in-work-wiw-conference-in-london\/#authorImage","url":"https:\/\/secure.gravatar.com\/avatar\/223cc144870bd81a9e913a2ada7b047b99a7560d3b31f0e56a5af965b7ca0a5e?s=96&d=mm&r=g","width":96,"height":96,"caption":"Equi"}},{"@type":"WebPage","@id":"https:\/\/equilaw.be\/nl\/equi-at-the-women-in-work-wiw-conference-in-london\/#webpage","url":"https:\/\/equilaw.be\/nl\/equi-at-the-women-in-work-wiw-conference-in-london\/","name":"EQUI op de Women in Work (WIW) Conference in Londen - EQUI","description":"Met veel plezier kondigen wij aan dat EQUI op 7 en 8 oktober 2026 zal deelnemen aan de Women in Work Conference in Londen. Ma\u00eft\u00e9 Rowies en Marie Michaud-N\u00e9rard zullen EQUI vertegenwoordigen tijdens twee dagen vol inspirerende gesprekken, nieuwe perspectieven en waardevolle uitwisselingen over de veranderende wereld van werk. De conferentie biedt een mooie gelegenheid","inLanguage":"nl-NL","isPartOf":{"@id":"https:\/\/equilaw.be\/nl\/#website"},"breadcrumb":{"@id":"https:\/\/equilaw.be\/nl\/equi-at-the-women-in-work-wiw-conference-in-london\/#breadcrumblist"},"author":{"@id":"https:\/\/equilaw.be\/nl\/author\/admin_equi\/#author"},"creator":{"@id":"https:\/\/equilaw.be\/nl\/author\/admin_equi\/#author"},"image":{"@type":"ImageObject","url":"https:\/\/equilaw.be\/wp-content\/uploads\/2025\/02\/Group-2.jpg","@id":"https:\/\/equilaw.be\/nl\/equi-at-the-women-in-work-wiw-conference-in-london\/#mainImage","width":540,"height":693},"primaryImageOfPage":{"@id":"https:\/\/equilaw.be\/nl\/equi-at-the-women-in-work-wiw-conference-in-london\/#mainImage"},"datePublished":"2026-08-26T16:51:55+02:00","dateModified":"2026-08-26T16:56:31+02:00"},{"@type":"WebSite","@id":"https:\/\/equilaw.be\/nl\/#website","url":"https:\/\/equilaw.be\/nl\/","name":"EQUI","description":"Belgisch advocatenkantoor gespecialiseerd in arbeidsrecht in Brussel","inLanguage":"nl-NL","publisher":{"@id":"https:\/\/equilaw.be\/nl\/#organization"}}]},"og:locale":"nl_NL","og:site_name":"EQUI - Belgisch advocatenkantoor gespecialiseerd in arbeidsrecht in Brussel","og:type":"article","og:title":"EQUI op de Women in Work (WIW) Conference in Londen - EQUI","og:description":"Met veel plezier kondigen wij aan dat EQUI op 7 en 8 oktober 2026 zal deelnemen aan de Women in Work Conference in Londen. Ma\u00eft\u00e9 Rowies en Marie Michaud-N\u00e9rard zullen EQUI vertegenwoordigen tijdens twee dagen vol inspirerende gesprekken, nieuwe perspectieven en waardevolle uitwisselingen over de veranderende wereld van werk. De conferentie biedt een mooie gelegenheid","og:url":"https:\/\/equilaw.be\/nl\/equi-at-the-women-in-work-wiw-conference-in-london\/","og:image":"https:\/\/equilaw.be\/wp-content\/uploads\/2024\/12\/Group-60.svg","og:image:secure_url":"https:\/\/equilaw.be\/wp-content\/uploads\/2024\/12\/Group-60.svg","article:published_time":"2026-08-26T14:51:55+00:00","article:modified_time":"2026-08-26T14:56:31+00:00","twitter:card":"summary_large_image","twitter:title":"EQUI op de Women in Work (WIW) Conference in Londen - EQUI","twitter:description":"Met veel plezier kondigen wij aan dat EQUI op 7 en 8 oktober 2026 zal deelnemen aan de Women in Work Conference in Londen. Ma\u00eft\u00e9 Rowies en Marie Michaud-N\u00e9rard zullen EQUI vertegenwoordigen tijdens twee dagen vol inspirerende gesprekken, nieuwe perspectieven en waardevolle uitwisselingen over de veranderende wereld van werk. De conferentie biedt een mooie gelegenheid","twitter:image":"https:\/\/equilaw.be\/wp-content\/uploads\/2024\/12\/Group-60.svg"},"aioseo_meta_data":{"post_id":"1894","title":null,"description":null,"keywords":null,"keyphrases":{"focus":{"keyphrase":"","score":0,"analysis":{"keyphraseInTitle":{"score":0,"maxScore":9,"error":1}}},"additional":[]},"primary_term":null,"canonical_url":null,"og_title":null,"og_description":null,"og_object_type":"default","og_image_type":"default","og_image_url":null,"og_image_width":null,"og_image_height":null,"og_image_custom_url":null,"og_image_custom_fields":null,"og_video":"","og_custom_url":null,"og_article_section":null,"og_article_tags":null,"twitter_use_og":false,"twitter_card":"default","twitter_image_type":"default","twitter_image_url":null,"twitter_image_custom_url":null,"twitter_image_custom_fields":null,"twitter_title":null,"twitter_description":null,"schema":{"blockGraphs":[],"customGraphs":[],"default":{"data":{"Article":[],"Course":[],"Dataset":[],"FAQPage":[],"Movie":[],"Person":[],"Product":[],"ProductReview":[],"Car":[],"Recipe":[],"Service":[],"SoftwareApplication":[],"WebPage":[]},"graphName":"BlogPosting","isEnabled":true},"graphs":[]},"schema_type":"default","schema_type_options":null,"pillar_content":false,"robots_default":true,"robots_noindex":false,"robots_noarchive":false,"robots_nosnippet":false,"robots_nofollow":false,"robots_noimageindex":false,"robots_noodp":false,"robots_notranslate":false,"robots_max_snippet":"-1","robots_max_videopreview":"-1","robots_max_imagepreview":"large","priority":null,"frequency":"default","local_seo":null,"breadcrumb_settings":null,"limit_modified_date":false,"ai":{"faqs":[],"keyPoints":[],"schemas":[],"titles":[],"descriptions":[],"socialPosts":{"email":{"subject":"","preview":"","content":""},"linkedin":[],"twitter":[],"facebook":[],"instagram":[]}},"created":"2026-08-26 14:56:31","updated":"2026-08-26 20:44:48","seo_analyzer_scan_date":null,"focus_keyword":null,"additional_keywords":null,"truseo_locale":null},"aioseo_breadcrumb":"<div class=\"aioseo-breadcrumbs\"><span class=\"aioseo-breadcrumb\">\n\t\t\t<a href=\"https:\/\/equilaw.be\/nl\/\" title=\"Home\">Home<\/a>\n\t\t<\/span><span class=\"aioseo-breadcrumb-separator\">&raquo;<\/span><span class=\"aioseo-breadcrumb\">\n\t\t\t<a href=\"https:\/\/equilaw.be\/nl\/blog\/nieuws\/\" title=\"Nieuws\">Nieuws<\/a>\n\t\t<\/span><span class=\"aioseo-breadcrumb-separator\">&raquo;<\/span><span class=\"aioseo-breadcrumb\">\n\t\t\tEQUI op de Women in Work (WIW) Conference in Londen\n\t\t<\/span><\/div>","aioseo_breadcrumb_json":[{"label":"Home","link":"https:\/\/equilaw.be\/nl\/"},{"label":"Nieuws","link":"https:\/\/equilaw.be\/nl\/blog\/nieuws\/"},{"label":"EQUI op de Women in Work (WIW) Conference in Londen","link":"https:\/\/equilaw.be\/nl\/equi-at-the-women-in-work-wiw-conference-in-london\/"}],"_links":{"self":[{"href":"https:\/\/equilaw.be\/nl\/wp-json\/wp\/v2\/posts\/1894","targetHints":{"allow":["GET"]}}],"collection":[{"href":"https:\/\/equilaw.be\/nl\/wp-json\/wp\/v2\/posts"}],"about":[{"href":"https:\/\/equilaw.be\/nl\/wp-json\/wp\/v2\/types\/post"}],"author":[{"embeddable":true,"href":"https:\/\/equilaw.be\/nl\/wp-json\/wp\/v2\/users\/2"}],"replies":[{"embeddable":true,"href":"https:\/\/equilaw.be\/nl\/wp-json\/wp\/v2\/comments?post=1894"}],"version-history":[{"count":1,"href":"https:\/\/equilaw.be\/nl\/wp-json\/wp\/v2\/posts\/1894\/revisions"}],"predecessor-version":[{"id":1898,"href":"https:\/\/equilaw.be\/nl\/wp-json\/wp\/v2\/posts\/1894\/revisions\/1898"}],"wp:featuredmedia":[{"embeddable":true,"href":"https:\/\/equilaw.be\/nl\/wp-json\/wp\/v2\/media\/693"}],"wp:attachment":[{"href":"https:\/\/equilaw.be\/nl\/wp-json\/wp\/v2\/media?parent=1894"}],"wp:term":[{"taxonomy":"category","embeddable":true,"href":"https:\/\/equilaw.be\/nl\/wp-json\/wp\/v2\/categories?post=1894"},{"taxonomy":"post_tag","embeddable":true,"href":"https:\/\/equilaw.be\/nl\/wp-json\/wp\/v2\/tags?post=1894"}],"curies":[{"name":"wp","href":"https:\/\/api.w.org\/{rel}","templated":true}]}}