{"id":1895,"date":"2026-08-26T16:51:55","date_gmt":"2026-08-26T14:51:55","guid":{"rendered":"https:\/\/equilaw.be\/equi-at-the-women-in-work-wiw-conference-in-london\/"},"modified":"2026-08-26T16:57:19","modified_gmt":"2026-08-26T14:57:19","slug":"equi-at-the-women-in-work-wiw-conference-in-london","status":"publish","type":"post","link":"https:\/\/equilaw.be\/fr\/equi-at-the-women-in-work-wiw-conference-in-london\/","title":{"rendered":"EQUI \u00e0 la Women in Work (WIW) Conference \u00e0 Londres"},"content":{"rendered":"\n<p class=\"wp-block-paragraph\">Nous sommes ravis d\u2019annoncer qu\u2019<strong>EQUI participera \u00e0 la Women in Work Conference \u00e0 Londres les 7 et 8 octobre 2026<\/strong>.<\/p>\n\n\n\n<p class=\"wp-block-paragraph\"><strong>Ma\u00eft\u00e9 Rowies<\/strong> et <strong>Marie Michaud-N\u00e9rard<\/strong> repr\u00e9senteront EQUI durant deux journ\u00e9es consacr\u00e9es \u00e0 des discussions inspirantes, de nouvelles perspectives et des \u00e9changes enrichissants autour de l\u2019\u00e9volution du monde du travail.<\/p>\n\n\n\n<p class=\"wp-block-paragraph\">Cette conf\u00e9rence sera une belle occasion de rencontrer des professionnels du droit du travail venus du Royaume-Uni et d\u2019ailleurs, de partager exp\u00e9riences et perspectives, et d\u2019\u00e9changer sur les d\u00e9fis et les \u00e9volutions qui fa\u00e7onnent le monde du travail de demain.<\/p>\n\n\n\n<p class=\"wp-block-paragraph\">Ma\u00eft\u00e9 et Marie se r\u00e9jouissent de retrouver des visages familiers, de faire de nouvelles rencontres et de rapporter de nouvelles id\u00e9es et perspectives chez EQUI.<\/p>\n\n\n\n<p class=\"wp-block-paragraph\"><strong>En route pour Londres !<\/strong><\/p>\n\n\n\n<p class=\"wp-block-paragraph\"><\/p>\n","protected":false},"excerpt":{"rendered":"<p>Nous sommes ravis d\u2019annoncer qu\u2019EQUI participera \u00e0 la Women in Work Conference \u00e0 Londres les 7 et 8 octobre 2026&#8230;.<\/p>\n","protected":false},"author":2,"featured_media":694,"comment_status":"open","ping_status":"closed","sticky":false,"template":"","format":"standard","meta":{"_acf_changed":false,"inline_featured_image":false,"footnotes":""},"categories":[49],"tags":[],"class_list":["post-1895","post","type-post","status-publish","format-standard","has-post-thumbnail","hentry","category-actualites"],"acf":[],"aioseo_notices":[],"aioseo_head":"\n\t\t<!-- All in One SEO 5.0.0.1 - aioseo.com -->\n\t<meta name=\"description\" content=\"Nous sommes ravis d\u2019annoncer qu\u2019EQUI participera \u00e0 la Women in Work Conference \u00e0 Londres les 7 et 8 octobre 2026. Ma\u00eft\u00e9 Rowies et Marie Michaud-N\u00e9rard repr\u00e9senteront EQUI durant deux journ\u00e9es consacr\u00e9es \u00e0 des discussions inspirantes, de nouvelles perspectives et des \u00e9changes enrichissants autour de l\u2019\u00e9volution du monde du travail. Cette conf\u00e9rence sera une belle occasion\" \/>\n\t<meta name=\"robots\" content=\"max-image-preview:large\" \/>\n\t<meta name=\"author\" content=\"Equi\"\/>\n\t<link rel=\"canonical\" href=\"https:\/\/equilaw.be\/fr\/equi-at-the-women-in-work-wiw-conference-in-london\/\" \/>\n\t<meta name=\"generator\" content=\"All in One SEO (AIOSEO) 5.0.0.1\" \/>\n\t\t<meta property=\"og:locale\" content=\"fr_FR\" \/>\n\t\t<meta property=\"og:site_name\" content=\"EQUI - Cabinet d\u2019avocats belge en droit du travail \u00e0 Bruxelles\" \/>\n\t\t<meta property=\"og:type\" content=\"article\" \/>\n\t\t<meta property=\"og:title\" content=\"EQUI \u00e0 la Women in Work (WIW) Conference \u00e0 Londres - EQUI\" \/>\n\t\t<meta property=\"og:description\" content=\"Nous sommes ravis d\u2019annoncer qu\u2019EQUI participera \u00e0 la Women in Work Conference \u00e0 Londres les 7 et 8 octobre 2026. Ma\u00eft\u00e9 Rowies et Marie Michaud-N\u00e9rard repr\u00e9senteront EQUI durant deux journ\u00e9es consacr\u00e9es \u00e0 des discussions inspirantes, de nouvelles perspectives et des \u00e9changes enrichissants autour de l\u2019\u00e9volution du monde du travail. Cette conf\u00e9rence sera une belle occasion\" \/>\n\t\t<meta property=\"og:url\" content=\"https:\/\/equilaw.be\/fr\/equi-at-the-women-in-work-wiw-conference-in-london\/\" \/>\n\t\t<meta property=\"og:image\" content=\"https:\/\/equilaw.be\/wp-content\/uploads\/2024\/12\/Group-60.svg\" \/>\n\t\t<meta property=\"og:image:secure_url\" content=\"https:\/\/equilaw.be\/wp-content\/uploads\/2024\/12\/Group-60.svg\" \/>\n\t\t<meta property=\"article:published_time\" content=\"2026-08-26T14:51:55+00:00\" \/>\n\t\t<meta property=\"article:modified_time\" content=\"2026-08-26T14:57:19+00:00\" \/>\n\t\t<meta name=\"twitter:card\" content=\"summary_large_image\" \/>\n\t\t<meta name=\"twitter:title\" content=\"EQUI \u00e0 la Women in Work (WIW) Conference \u00e0 Londres - EQUI\" \/>\n\t\t<meta name=\"twitter:description\" content=\"Nous sommes ravis d\u2019annoncer qu\u2019EQUI participera \u00e0 la Women in Work Conference \u00e0 Londres les 7 et 8 octobre 2026. Ma\u00eft\u00e9 Rowies et Marie Michaud-N\u00e9rard repr\u00e9senteront EQUI durant deux journ\u00e9es consacr\u00e9es \u00e0 des discussions inspirantes, de nouvelles perspectives et des \u00e9changes enrichissants autour de l\u2019\u00e9volution du monde du travail. Cette conf\u00e9rence sera une belle occasion\" \/>\n\t\t<meta name=\"twitter:image\" content=\"https:\/\/equilaw.be\/wp-content\/uploads\/2024\/12\/Group-60.svg\" \/>\n\t\t<script type=\"application\/ld+json\" class=\"aioseo-schema\">\n\t\t\t{\"@context\":\"https:\\\/\\\/schema.org\",\"@graph\":[{\"@type\":\"BlogPosting\",\"@id\":\"https:\\\/\\\/equilaw.be\\\/fr\\\/equi-at-the-women-in-work-wiw-conference-in-london\\\/#blogposting\",\"name\":\"EQUI \\u00e0 la Women in Work (WIW) Conference \\u00e0 Londres - EQUI\",\"headline\":\"EQUI \\u00e0 la Women in Work (WIW) Conference \\u00e0 Londres\",\"author\":{\"@id\":\"https:\\\/\\\/equilaw.be\\\/fr\\\/author\\\/admin_equi\\\/#author\"},\"publisher\":{\"@id\":\"https:\\\/\\\/equilaw.be\\\/fr\\\/#organization\"},\"image\":{\"@type\":\"ImageObject\",\"url\":\"https:\\\/\\\/equilaw.be\\\/wp-content\\\/uploads\\\/2025\\\/02\\\/Group-2.jpg\",\"width\":540,\"height\":693},\"datePublished\":\"2026-08-26T16:51:55+02:00\",\"dateModified\":\"2026-08-26T16:57:19+02:00\",\"inLanguage\":\"fr-FR\",\"mainEntityOfPage\":{\"@id\":\"https:\\\/\\\/equilaw.be\\\/fr\\\/equi-at-the-women-in-work-wiw-conference-in-london\\\/#webpage\"},\"isPartOf\":{\"@id\":\"https:\\\/\\\/equilaw.be\\\/fr\\\/equi-at-the-women-in-work-wiw-conference-in-london\\\/#webpage\"},\"articleSection\":\"Actualit\\u00e9s, Facultatif\"},{\"@type\":\"BreadcrumbList\",\"@id\":\"https:\\\/\\\/equilaw.be\\\/fr\\\/equi-at-the-women-in-work-wiw-conference-in-london\\\/#breadcrumblist\",\"itemListElement\":[{\"@type\":\"ListItem\",\"@id\":\"https:\\\/\\\/equilaw.be\\\/fr\\\/#listItem\",\"position\":1,\"name\":\"Home\",\"item\":\"https:\\\/\\\/equilaw.be\\\/fr\\\/\",\"nextItem\":{\"@type\":\"ListItem\",\"@id\":\"https:\\\/\\\/equilaw.be\\\/fr\\\/blog\\\/actualites\\\/#listItem\",\"name\":\"Actualit\\u00e9s\"}},{\"@type\":\"ListItem\",\"@id\":\"https:\\\/\\\/equilaw.be\\\/fr\\\/blog\\\/actualites\\\/#listItem\",\"position\":2,\"name\":\"Actualit\\u00e9s\",\"item\":\"https:\\\/\\\/equilaw.be\\\/fr\\\/blog\\\/actualites\\\/\",\"nextItem\":{\"@type\":\"ListItem\",\"@id\":\"https:\\\/\\\/equilaw.be\\\/fr\\\/equi-at-the-women-in-work-wiw-conference-in-london\\\/#listItem\",\"name\":\"EQUI \\u00e0 la Women in Work (WIW) Conference \\u00e0 Londres\"},\"previousItem\":{\"@type\":\"ListItem\",\"@id\":\"https:\\\/\\\/equilaw.be\\\/fr\\\/#listItem\",\"name\":\"Home\"}},{\"@type\":\"ListItem\",\"@id\":\"https:\\\/\\\/equilaw.be\\\/fr\\\/equi-at-the-women-in-work-wiw-conference-in-london\\\/#listItem\",\"position\":3,\"name\":\"EQUI \\u00e0 la Women in Work (WIW) Conference \\u00e0 Londres\",\"previousItem\":{\"@type\":\"ListItem\",\"@id\":\"https:\\\/\\\/equilaw.be\\\/fr\\\/blog\\\/actualites\\\/#listItem\",\"name\":\"Actualit\\u00e9s\"}}]},{\"@type\":\"Organization\",\"@id\":\"https:\\\/\\\/equilaw.be\\\/fr\\\/#organization\",\"name\":\"EQUI\",\"description\":\"Cabinet d\\u2019avocats belge en droit du travail \\u00e0 Bruxelles\",\"url\":\"https:\\\/\\\/equilaw.be\\\/fr\\\/\",\"logo\":{\"@type\":\"ImageObject\",\"url\":\"https:\\\/\\\/equilaw.be\\\/wp-content\\\/uploads\\\/2024\\\/12\\\/Group-60.svg\",\"@id\":\"https:\\\/\\\/equilaw.be\\\/fr\\\/equi-at-the-women-in-work-wiw-conference-in-london\\\/#organizationLogo\",\"width\":75,\"height\":87},\"image\":{\"@id\":\"https:\\\/\\\/equilaw.be\\\/fr\\\/equi-at-the-women-in-work-wiw-conference-in-london\\\/#organizationLogo\"}},{\"@type\":\"Person\",\"@id\":\"https:\\\/\\\/equilaw.be\\\/fr\\\/author\\\/admin_equi\\\/#author\",\"url\":\"https:\\\/\\\/equilaw.be\\\/fr\\\/author\\\/admin_equi\\\/\",\"name\":\"Equi\",\"image\":{\"@type\":\"ImageObject\",\"@id\":\"https:\\\/\\\/equilaw.be\\\/fr\\\/equi-at-the-women-in-work-wiw-conference-in-london\\\/#authorImage\",\"url\":\"https:\\\/\\\/secure.gravatar.com\\\/avatar\\\/223cc144870bd81a9e913a2ada7b047b99a7560d3b31f0e56a5af965b7ca0a5e?s=96&d=mm&r=g\",\"width\":96,\"height\":96,\"caption\":\"Equi\"}},{\"@type\":\"WebPage\",\"@id\":\"https:\\\/\\\/equilaw.be\\\/fr\\\/equi-at-the-women-in-work-wiw-conference-in-london\\\/#webpage\",\"url\":\"https:\\\/\\\/equilaw.be\\\/fr\\\/equi-at-the-women-in-work-wiw-conference-in-london\\\/\",\"name\":\"EQUI \\u00e0 la Women in Work (WIW) Conference \\u00e0 Londres - EQUI\",\"description\":\"Nous sommes ravis d\\u2019annoncer qu\\u2019EQUI participera \\u00e0 la Women in Work Conference \\u00e0 Londres les 7 et 8 octobre 2026. Ma\\u00eft\\u00e9 Rowies et Marie Michaud-N\\u00e9rard repr\\u00e9senteront EQUI durant deux journ\\u00e9es consacr\\u00e9es \\u00e0 des discussions inspirantes, de nouvelles perspectives et des \\u00e9changes enrichissants autour de l\\u2019\\u00e9volution du monde du travail. Cette conf\\u00e9rence sera une belle occasion\",\"inLanguage\":\"fr-FR\",\"isPartOf\":{\"@id\":\"https:\\\/\\\/equilaw.be\\\/fr\\\/#website\"},\"breadcrumb\":{\"@id\":\"https:\\\/\\\/equilaw.be\\\/fr\\\/equi-at-the-women-in-work-wiw-conference-in-london\\\/#breadcrumblist\"},\"author\":{\"@id\":\"https:\\\/\\\/equilaw.be\\\/fr\\\/author\\\/admin_equi\\\/#author\"},\"creator\":{\"@id\":\"https:\\\/\\\/equilaw.be\\\/fr\\\/author\\\/admin_equi\\\/#author\"},\"image\":{\"@type\":\"ImageObject\",\"url\":\"https:\\\/\\\/equilaw.be\\\/wp-content\\\/uploads\\\/2025\\\/02\\\/Group-2.jpg\",\"@id\":\"https:\\\/\\\/equilaw.be\\\/fr\\\/equi-at-the-women-in-work-wiw-conference-in-london\\\/#mainImage\",\"width\":540,\"height\":693},\"primaryImageOfPage\":{\"@id\":\"https:\\\/\\\/equilaw.be\\\/fr\\\/equi-at-the-women-in-work-wiw-conference-in-london\\\/#mainImage\"},\"datePublished\":\"2026-08-26T16:51:55+02:00\",\"dateModified\":\"2026-08-26T16:57:19+02:00\"},{\"@type\":\"WebSite\",\"@id\":\"https:\\\/\\\/equilaw.be\\\/fr\\\/#website\",\"url\":\"https:\\\/\\\/equilaw.be\\\/fr\\\/\",\"name\":\"EQUI\",\"description\":\"Cabinet d\\u2019avocats belge en droit du travail \\u00e0 Bruxelles\",\"inLanguage\":\"fr-FR\",\"publisher\":{\"@id\":\"https:\\\/\\\/equilaw.be\\\/fr\\\/#organization\"}}]}\n\t\t<\/script>\n\t\t<!-- All in One SEO -->\n\n","aioseo_head_json":{"title":"EQUI \u00e0 la Women in Work (WIW) Conference \u00e0 Londres - EQUI","description":"Nous sommes ravis d\u2019annoncer qu\u2019EQUI participera \u00e0 la Women in Work Conference \u00e0 Londres les 7 et 8 octobre 2026. Ma\u00eft\u00e9 Rowies et Marie Michaud-N\u00e9rard repr\u00e9senteront EQUI durant deux journ\u00e9es consacr\u00e9es \u00e0 des discussions inspirantes, de nouvelles perspectives et des \u00e9changes enrichissants autour de l\u2019\u00e9volution du monde du travail. Cette conf\u00e9rence sera une belle occasion","canonical_url":"https:\/\/equilaw.be\/fr\/equi-at-the-women-in-work-wiw-conference-in-london\/","robots":"max-image-preview:large","keywords":"","webmasterTools":{"miscellaneous":""},"schema":{"@context":"https:\/\/schema.org","@graph":[{"@type":"BlogPosting","@id":"https:\/\/equilaw.be\/fr\/equi-at-the-women-in-work-wiw-conference-in-london\/#blogposting","name":"EQUI \u00e0 la Women in Work (WIW) Conference \u00e0 Londres - EQUI","headline":"EQUI \u00e0 la Women in Work (WIW) Conference \u00e0 Londres","author":{"@id":"https:\/\/equilaw.be\/fr\/author\/admin_equi\/#author"},"publisher":{"@id":"https:\/\/equilaw.be\/fr\/#organization"},"image":{"@type":"ImageObject","url":"https:\/\/equilaw.be\/wp-content\/uploads\/2025\/02\/Group-2.jpg","width":540,"height":693},"datePublished":"2026-08-26T16:51:55+02:00","dateModified":"2026-08-26T16:57:19+02:00","inLanguage":"fr-FR","mainEntityOfPage":{"@id":"https:\/\/equilaw.be\/fr\/equi-at-the-women-in-work-wiw-conference-in-london\/#webpage"},"isPartOf":{"@id":"https:\/\/equilaw.be\/fr\/equi-at-the-women-in-work-wiw-conference-in-london\/#webpage"},"articleSection":"Actualit\u00e9s, Facultatif"},{"@type":"BreadcrumbList","@id":"https:\/\/equilaw.be\/fr\/equi-at-the-women-in-work-wiw-conference-in-london\/#breadcrumblist","itemListElement":[{"@type":"ListItem","@id":"https:\/\/equilaw.be\/fr\/#listItem","position":1,"name":"Home","item":"https:\/\/equilaw.be\/fr\/","nextItem":{"@type":"ListItem","@id":"https:\/\/equilaw.be\/fr\/blog\/actualites\/#listItem","name":"Actualit\u00e9s"}},{"@type":"ListItem","@id":"https:\/\/equilaw.be\/fr\/blog\/actualites\/#listItem","position":2,"name":"Actualit\u00e9s","item":"https:\/\/equilaw.be\/fr\/blog\/actualites\/","nextItem":{"@type":"ListItem","@id":"https:\/\/equilaw.be\/fr\/equi-at-the-women-in-work-wiw-conference-in-london\/#listItem","name":"EQUI \u00e0 la Women in Work (WIW) Conference \u00e0 Londres"},"previousItem":{"@type":"ListItem","@id":"https:\/\/equilaw.be\/fr\/#listItem","name":"Home"}},{"@type":"ListItem","@id":"https:\/\/equilaw.be\/fr\/equi-at-the-women-in-work-wiw-conference-in-london\/#listItem","position":3,"name":"EQUI \u00e0 la Women in Work (WIW) Conference \u00e0 Londres","previousItem":{"@type":"ListItem","@id":"https:\/\/equilaw.be\/fr\/blog\/actualites\/#listItem","name":"Actualit\u00e9s"}}]},{"@type":"Organization","@id":"https:\/\/equilaw.be\/fr\/#organization","name":"EQUI","description":"Cabinet d\u2019avocats belge en droit du travail \u00e0 Bruxelles","url":"https:\/\/equilaw.be\/fr\/","logo":{"@type":"ImageObject","url":"https:\/\/equilaw.be\/wp-content\/uploads\/2024\/12\/Group-60.svg","@id":"https:\/\/equilaw.be\/fr\/equi-at-the-women-in-work-wiw-conference-in-london\/#organizationLogo","width":75,"height":87},"image":{"@id":"https:\/\/equilaw.be\/fr\/equi-at-the-women-in-work-wiw-conference-in-london\/#organizationLogo"}},{"@type":"Person","@id":"https:\/\/equilaw.be\/fr\/author\/admin_equi\/#author","url":"https:\/\/equilaw.be\/fr\/author\/admin_equi\/","name":"Equi","image":{"@type":"ImageObject","@id":"https:\/\/equilaw.be\/fr\/equi-at-the-women-in-work-wiw-conference-in-london\/#authorImage","url":"https:\/\/secure.gravatar.com\/avatar\/223cc144870bd81a9e913a2ada7b047b99a7560d3b31f0e56a5af965b7ca0a5e?s=96&d=mm&r=g","width":96,"height":96,"caption":"Equi"}},{"@type":"WebPage","@id":"https:\/\/equilaw.be\/fr\/equi-at-the-women-in-work-wiw-conference-in-london\/#webpage","url":"https:\/\/equilaw.be\/fr\/equi-at-the-women-in-work-wiw-conference-in-london\/","name":"EQUI \u00e0 la Women in Work (WIW) Conference \u00e0 Londres - EQUI","description":"Nous sommes ravis d\u2019annoncer qu\u2019EQUI participera \u00e0 la Women in Work Conference \u00e0 Londres les 7 et 8 octobre 2026. Ma\u00eft\u00e9 Rowies et Marie Michaud-N\u00e9rard repr\u00e9senteront EQUI durant deux journ\u00e9es consacr\u00e9es \u00e0 des discussions inspirantes, de nouvelles perspectives et des \u00e9changes enrichissants autour de l\u2019\u00e9volution du monde du travail. Cette conf\u00e9rence sera une belle occasion","inLanguage":"fr-FR","isPartOf":{"@id":"https:\/\/equilaw.be\/fr\/#website"},"breadcrumb":{"@id":"https:\/\/equilaw.be\/fr\/equi-at-the-women-in-work-wiw-conference-in-london\/#breadcrumblist"},"author":{"@id":"https:\/\/equilaw.be\/fr\/author\/admin_equi\/#author"},"creator":{"@id":"https:\/\/equilaw.be\/fr\/author\/admin_equi\/#author"},"image":{"@type":"ImageObject","url":"https:\/\/equilaw.be\/wp-content\/uploads\/2025\/02\/Group-2.jpg","@id":"https:\/\/equilaw.be\/fr\/equi-at-the-women-in-work-wiw-conference-in-london\/#mainImage","width":540,"height":693},"primaryImageOfPage":{"@id":"https:\/\/equilaw.be\/fr\/equi-at-the-women-in-work-wiw-conference-in-london\/#mainImage"},"datePublished":"2026-08-26T16:51:55+02:00","dateModified":"2026-08-26T16:57:19+02:00"},{"@type":"WebSite","@id":"https:\/\/equilaw.be\/fr\/#website","url":"https:\/\/equilaw.be\/fr\/","name":"EQUI","description":"Cabinet d\u2019avocats belge en droit du travail \u00e0 Bruxelles","inLanguage":"fr-FR","publisher":{"@id":"https:\/\/equilaw.be\/fr\/#organization"}}]},"og:locale":"fr_FR","og:site_name":"EQUI - Cabinet d\u2019avocats belge en droit du travail \u00e0 Bruxelles","og:type":"article","og:title":"EQUI \u00e0 la Women in Work (WIW) Conference \u00e0 Londres - EQUI","og:description":"Nous sommes ravis d\u2019annoncer qu\u2019EQUI participera \u00e0 la Women in Work Conference \u00e0 Londres les 7 et 8 octobre 2026. Ma\u00eft\u00e9 Rowies et Marie Michaud-N\u00e9rard repr\u00e9senteront EQUI durant deux journ\u00e9es consacr\u00e9es \u00e0 des discussions inspirantes, de nouvelles perspectives et des \u00e9changes enrichissants autour de l\u2019\u00e9volution du monde du travail. Cette conf\u00e9rence sera une belle occasion","og:url":"https:\/\/equilaw.be\/fr\/equi-at-the-women-in-work-wiw-conference-in-london\/","og:image":"https:\/\/equilaw.be\/wp-content\/uploads\/2024\/12\/Group-60.svg","og:image:secure_url":"https:\/\/equilaw.be\/wp-content\/uploads\/2024\/12\/Group-60.svg","article:published_time":"2026-08-26T14:51:55+00:00","article:modified_time":"2026-08-26T14:57:19+00:00","twitter:card":"summary_large_image","twitter:title":"EQUI \u00e0 la Women in Work (WIW) Conference \u00e0 Londres - EQUI","twitter:description":"Nous sommes ravis d\u2019annoncer qu\u2019EQUI participera \u00e0 la Women in Work Conference \u00e0 Londres les 7 et 8 octobre 2026. Ma\u00eft\u00e9 Rowies et Marie Michaud-N\u00e9rard repr\u00e9senteront EQUI durant deux journ\u00e9es consacr\u00e9es \u00e0 des discussions inspirantes, de nouvelles perspectives et des \u00e9changes enrichissants autour de l\u2019\u00e9volution du monde du travail. Cette conf\u00e9rence sera une belle occasion","twitter:image":"https:\/\/equilaw.be\/wp-content\/uploads\/2024\/12\/Group-60.svg"},"aioseo_meta_data":{"post_id":"1895","title":null,"description":null,"keywords":null,"keyphrases":{"focus":{"keyphrase":"","score":0,"analysis":{"keyphraseInTitle":{"score":0,"maxScore":9,"error":1}}},"additional":[]},"primary_term":null,"canonical_url":null,"og_title":null,"og_description":null,"og_object_type":"default","og_image_type":"default","og_image_url":null,"og_image_width":null,"og_image_height":null,"og_image_custom_url":null,"og_image_custom_fields":null,"og_video":"","og_custom_url":null,"og_article_section":null,"og_article_tags":null,"twitter_use_og":false,"twitter_card":"default","twitter_image_type":"default","twitter_image_url":null,"twitter_image_custom_url":null,"twitter_image_custom_fields":null,"twitter_title":null,"twitter_description":null,"schema":{"blockGraphs":[],"customGraphs":[],"default":{"data":{"Article":[],"Course":[],"Dataset":[],"FAQPage":[],"Movie":[],"Person":[],"Product":[],"ProductReview":[],"Car":[],"Recipe":[],"Service":[],"SoftwareApplication":[],"WebPage":[]},"graphName":"BlogPosting","isEnabled":true},"graphs":[]},"schema_type":"default","schema_type_options":null,"pillar_content":false,"robots_default":true,"robots_noindex":false,"robots_noarchive":false,"robots_nosnippet":false,"robots_nofollow":false,"robots_noimageindex":false,"robots_noodp":false,"robots_notranslate":false,"robots_max_snippet":"-1","robots_max_videopreview":"-1","robots_max_imagepreview":"large","priority":null,"frequency":"default","local_seo":null,"breadcrumb_settings":null,"limit_modified_date":false,"ai":{"faqs":[],"keyPoints":[],"schemas":[],"titles":[],"descriptions":[],"socialPosts":{"email":{"subject":"","preview":"","content":""},"linkedin":[],"twitter":[],"facebook":[],"instagram":[]}},"created":"2026-08-26 14:57:13","updated":"2026-08-26 20:44:48","seo_analyzer_scan_date":null,"focus_keyword":null,"additional_keywords":null,"truseo_locale":null},"aioseo_breadcrumb":"<div class=\"aioseo-breadcrumbs\"><span class=\"aioseo-breadcrumb\">\n\t\t\t<a href=\"https:\/\/equilaw.be\/fr\/\" title=\"Home\">Home<\/a>\n\t\t<\/span><span class=\"aioseo-breadcrumb-separator\">&raquo;<\/span><span class=\"aioseo-breadcrumb\">\n\t\t\t<a href=\"https:\/\/equilaw.be\/fr\/blog\/actualites\/\" title=\"Actualit\u00e9s\">Actualit\u00e9s<\/a>\n\t\t<\/span><span class=\"aioseo-breadcrumb-separator\">&raquo;<\/span><span class=\"aioseo-breadcrumb\">\n\t\t\tEQUI \u00e0 la Women in Work (WIW) Conference \u00e0 Londres\n\t\t<\/span><\/div>","aioseo_breadcrumb_json":[{"label":"Home","link":"https:\/\/equilaw.be\/fr\/"},{"label":"Actualit\u00e9s","link":"https:\/\/equilaw.be\/fr\/blog\/actualites\/"},{"label":"EQUI \u00e0 la Women in Work (WIW) Conference \u00e0 Londres","link":"https:\/\/equilaw.be\/fr\/equi-at-the-women-in-work-wiw-conference-in-london\/"}],"_links":{"self":[{"href":"https:\/\/equilaw.be\/fr\/wp-json\/wp\/v2\/posts\/1895","targetHints":{"allow":["GET"]}}],"collection":[{"href":"https:\/\/equilaw.be\/fr\/wp-json\/wp\/v2\/posts"}],"about":[{"href":"https:\/\/equilaw.be\/fr\/wp-json\/wp\/v2\/types\/post"}],"author":[{"embeddable":true,"href":"https:\/\/equilaw.be\/fr\/wp-json\/wp\/v2\/users\/2"}],"replies":[{"embeddable":true,"href":"https:\/\/equilaw.be\/fr\/wp-json\/wp\/v2\/comments?post=1895"}],"version-history":[{"count":1,"href":"https:\/\/equilaw.be\/fr\/wp-json\/wp\/v2\/posts\/1895\/revisions"}],"predecessor-version":[{"id":1899,"href":"https:\/\/equilaw.be\/fr\/wp-json\/wp\/v2\/posts\/1895\/revisions\/1899"}],"wp:featuredmedia":[{"embeddable":true,"href":"https:\/\/equilaw.be\/fr\/wp-json\/wp\/v2\/media\/694"}],"wp:attachment":[{"href":"https:\/\/equilaw.be\/fr\/wp-json\/wp\/v2\/media?parent=1895"}],"wp:term":[{"taxonomy":"category","embeddable":true,"href":"https:\/\/equilaw.be\/fr\/wp-json\/wp\/v2\/categories?post=1895"},{"taxonomy":"post_tag","embeddable":true,"href":"https:\/\/equilaw.be\/fr\/wp-json\/wp\/v2\/tags?post=1895"}],"curies":[{"name":"wp","href":"https:\/\/api.w.org\/{rel}","templated":true}]}}