{"id":1897,"date":"2026-08-26T16:51:55","date_gmt":"2026-08-26T14:51:55","guid":{"rendered":"https:\/\/equilaw.be\/equi-at-the-women-in-work-wiw-conference-in-london\/"},"modified":"2026-08-27T08:43:58","modified_gmt":"2026-08-27T06:43:58","slug":"equi-at-the-women-in-work-wiw-conference-in-london","status":"publish","type":"post","link":"https:\/\/equilaw.be\/es\/equi-at-the-women-in-work-wiw-conference-in-london\/","title":{"rendered":"EQUI en la Women in Work (WIW) Conference de Londres"},"content":{"rendered":"\n<p class=\"wp-block-paragraph\">Nos complace anunciar que <strong>EQUI participar\u00e1 en la Women in Work Conference en Londres los d\u00edas 7 y 8 de octubre de 2026<\/strong>.<\/p>\n\n\n\n<p class=\"wp-block-paragraph\"><strong>Ma\u00eft\u00e9 Rowies<\/strong> y <strong>Marie Michaud-N\u00e9rard<\/strong> representar\u00e1n a EQUI durante dos jornadas dedicadas a conversaciones inspiradoras, nuevas perspectivas e intercambios enriquecedores sobre la evoluci\u00f3n del mundo laboral.<\/p>\n\n\n\n<p class=\"wp-block-paragraph\">La conferencia ser\u00e1 una excelente oportunidad para conectar con profesionales del derecho laboral del Reino Unido y de otros pa\u00edses, intercambiar experiencias y perspectivas, y debatir sobre los retos y las tendencias que est\u00e1n dando forma al entorno laboral del futuro.<\/p>\n\n\n\n<p class=\"wp-block-paragraph\">Ma\u00eft\u00e9 y Marie est\u00e1n deseando reencontrarse con caras conocidas, establecer nuevos contactos y traer nuevas ideas y perspectivas a EQUI.<\/p>\n\n\n\n<p class=\"wp-block-paragraph\"><strong>\u00a1Rumbo a Londres!<\/strong><\/p>\n","protected":false},"excerpt":{"rendered":"<p>Nos complace anunciar que EQUI participar\u00e1 en la Women in Work Conference en Londres los d\u00edas 7 y 8 de&#8230;<\/p>\n","protected":false},"author":2,"featured_media":696,"comment_status":"open","ping_status":"closed","sticky":false,"template":"","format":"standard","meta":{"_acf_changed":false,"inline_featured_image":false,"footnotes":""},"categories":[52],"tags":[],"class_list":["post-1897","post","type-post","status-publish","format-standard","has-post-thumbnail","hentry","category-noticias"],"acf":[],"aioseo_notices":[],"aioseo_head":"\n\t\t<!-- All in One SEO 5.0.0.1 - aioseo.com -->\n\t<meta name=\"description\" content=\"Nos complace anunciar que EQUI participar\u00e1 en la Women in Work Conference en Londres los d\u00edas 7 y 8 de octubre de 2026. Ma\u00eft\u00e9 Rowies y Marie Michaud-N\u00e9rard representar\u00e1n a EQUI durante dos jornadas dedicadas a conversaciones inspiradoras, nuevas perspectivas e intercambios enriquecedores sobre la evoluci\u00f3n del mundo laboral. La conferencia ser\u00e1 una excelente oportunidad\" \/>\n\t<meta name=\"robots\" content=\"max-image-preview:large\" \/>\n\t<meta name=\"author\" content=\"Equi\"\/>\n\t<link rel=\"canonical\" href=\"https:\/\/equilaw.be\/es\/equi-at-the-women-in-work-wiw-conference-in-london\/\" \/>\n\t<meta name=\"generator\" content=\"All in One SEO (AIOSEO) 5.0.0.1\" \/>\n\t\t<meta property=\"og:locale\" content=\"es_ES\" \/>\n\t\t<meta property=\"og:site_name\" content=\"EQUI - Despacho belga de derecho laboral en Bruselas\" \/>\n\t\t<meta property=\"og:type\" content=\"article\" \/>\n\t\t<meta property=\"og:title\" content=\"EQUI en la Women in Work (WIW) Conference de Londres - EQUI\" \/>\n\t\t<meta property=\"og:description\" content=\"Nos complace anunciar que EQUI participar\u00e1 en la Women in Work Conference en Londres los d\u00edas 7 y 8 de octubre de 2026. Ma\u00eft\u00e9 Rowies y Marie Michaud-N\u00e9rard representar\u00e1n a EQUI durante dos jornadas dedicadas a conversaciones inspiradoras, nuevas perspectivas e intercambios enriquecedores sobre la evoluci\u00f3n del mundo laboral. La conferencia ser\u00e1 una excelente oportunidad\" \/>\n\t\t<meta property=\"og:url\" content=\"https:\/\/equilaw.be\/es\/equi-at-the-women-in-work-wiw-conference-in-london\/\" \/>\n\t\t<meta property=\"og:image\" content=\"https:\/\/equilaw.be\/wp-content\/uploads\/2024\/12\/Group-60.svg\" \/>\n\t\t<meta property=\"og:image:secure_url\" content=\"https:\/\/equilaw.be\/wp-content\/uploads\/2024\/12\/Group-60.svg\" \/>\n\t\t<meta property=\"article:published_time\" content=\"2026-08-26T14:51:55+00:00\" \/>\n\t\t<meta property=\"article:modified_time\" content=\"2026-08-27T06:43:58+00:00\" \/>\n\t\t<meta name=\"twitter:card\" content=\"summary_large_image\" \/>\n\t\t<meta name=\"twitter:title\" content=\"EQUI en la Women in Work (WIW) Conference de Londres - EQUI\" \/>\n\t\t<meta name=\"twitter:description\" content=\"Nos complace anunciar que EQUI participar\u00e1 en la Women in Work Conference en Londres los d\u00edas 7 y 8 de octubre de 2026. Ma\u00eft\u00e9 Rowies y Marie Michaud-N\u00e9rard representar\u00e1n a EQUI durante dos jornadas dedicadas a conversaciones inspiradoras, nuevas perspectivas e intercambios enriquecedores sobre la evoluci\u00f3n del mundo laboral. La conferencia ser\u00e1 una excelente oportunidad\" \/>\n\t\t<meta name=\"twitter:image\" content=\"https:\/\/equilaw.be\/wp-content\/uploads\/2024\/12\/Group-60.svg\" \/>\n\t\t<script type=\"application\/ld+json\" class=\"aioseo-schema\">\n\t\t\t{\"@context\":\"https:\\\/\\\/schema.org\",\"@graph\":[{\"@type\":\"BlogPosting\",\"@id\":\"https:\\\/\\\/equilaw.be\\\/es\\\/equi-at-the-women-in-work-wiw-conference-in-london\\\/#blogposting\",\"name\":\"EQUI en la Women in Work (WIW) Conference de Londres - EQUI\",\"headline\":\"EQUI en la Women in Work (WIW) Conference de Londres\",\"author\":{\"@id\":\"https:\\\/\\\/equilaw.be\\\/es\\\/author\\\/admin_equi\\\/#author\"},\"publisher\":{\"@id\":\"https:\\\/\\\/equilaw.be\\\/es\\\/#organization\"},\"image\":{\"@type\":\"ImageObject\",\"url\":\"https:\\\/\\\/equilaw.be\\\/wp-content\\\/uploads\\\/2025\\\/02\\\/Group-2.jpg\",\"width\":540,\"height\":693},\"datePublished\":\"2026-08-26T16:51:55+02:00\",\"dateModified\":\"2026-08-27T08:43:58+02:00\",\"inLanguage\":\"es-ES\",\"mainEntityOfPage\":{\"@id\":\"https:\\\/\\\/equilaw.be\\\/es\\\/equi-at-the-women-in-work-wiw-conference-in-london\\\/#webpage\"},\"isPartOf\":{\"@id\":\"https:\\\/\\\/equilaw.be\\\/es\\\/equi-at-the-women-in-work-wiw-conference-in-london\\\/#webpage\"},\"articleSection\":\"Noticias, Opcional\"},{\"@type\":\"BreadcrumbList\",\"@id\":\"https:\\\/\\\/equilaw.be\\\/es\\\/equi-at-the-women-in-work-wiw-conference-in-london\\\/#breadcrumblist\",\"itemListElement\":[{\"@type\":\"ListItem\",\"@id\":\"https:\\\/\\\/equilaw.be\\\/es\\\/#listItem\",\"position\":1,\"name\":\"Home\",\"item\":\"https:\\\/\\\/equilaw.be\\\/es\\\/\",\"nextItem\":{\"@type\":\"ListItem\",\"@id\":\"https:\\\/\\\/equilaw.be\\\/es\\\/blog\\\/noticias\\\/#listItem\",\"name\":\"Noticias\"}},{\"@type\":\"ListItem\",\"@id\":\"https:\\\/\\\/equilaw.be\\\/es\\\/blog\\\/noticias\\\/#listItem\",\"position\":2,\"name\":\"Noticias\",\"item\":\"https:\\\/\\\/equilaw.be\\\/es\\\/blog\\\/noticias\\\/\",\"nextItem\":{\"@type\":\"ListItem\",\"@id\":\"https:\\\/\\\/equilaw.be\\\/es\\\/equi-at-the-women-in-work-wiw-conference-in-london\\\/#listItem\",\"name\":\"EQUI en la Women in Work (WIW) Conference de Londres\"},\"previousItem\":{\"@type\":\"ListItem\",\"@id\":\"https:\\\/\\\/equilaw.be\\\/es\\\/#listItem\",\"name\":\"Home\"}},{\"@type\":\"ListItem\",\"@id\":\"https:\\\/\\\/equilaw.be\\\/es\\\/equi-at-the-women-in-work-wiw-conference-in-london\\\/#listItem\",\"position\":3,\"name\":\"EQUI en la Women in Work (WIW) Conference de Londres\",\"previousItem\":{\"@type\":\"ListItem\",\"@id\":\"https:\\\/\\\/equilaw.be\\\/es\\\/blog\\\/noticias\\\/#listItem\",\"name\":\"Noticias\"}}]},{\"@type\":\"Organization\",\"@id\":\"https:\\\/\\\/equilaw.be\\\/es\\\/#organization\",\"name\":\"EQUI\",\"description\":\"Despacho belga de derecho laboral en Bruselas\",\"url\":\"https:\\\/\\\/equilaw.be\\\/es\\\/\",\"logo\":{\"@type\":\"ImageObject\",\"url\":\"https:\\\/\\\/equilaw.be\\\/wp-content\\\/uploads\\\/2024\\\/12\\\/Group-60.svg\",\"@id\":\"https:\\\/\\\/equilaw.be\\\/es\\\/equi-at-the-women-in-work-wiw-conference-in-london\\\/#organizationLogo\",\"width\":75,\"height\":87},\"image\":{\"@id\":\"https:\\\/\\\/equilaw.be\\\/es\\\/equi-at-the-women-in-work-wiw-conference-in-london\\\/#organizationLogo\"}},{\"@type\":\"Person\",\"@id\":\"https:\\\/\\\/equilaw.be\\\/es\\\/author\\\/admin_equi\\\/#author\",\"url\":\"https:\\\/\\\/equilaw.be\\\/es\\\/author\\\/admin_equi\\\/\",\"name\":\"Equi\",\"image\":{\"@type\":\"ImageObject\",\"@id\":\"https:\\\/\\\/equilaw.be\\\/es\\\/equi-at-the-women-in-work-wiw-conference-in-london\\\/#authorImage\",\"url\":\"https:\\\/\\\/secure.gravatar.com\\\/avatar\\\/223cc144870bd81a9e913a2ada7b047b99a7560d3b31f0e56a5af965b7ca0a5e?s=96&d=mm&r=g\",\"width\":96,\"height\":96,\"caption\":\"Equi\"}},{\"@type\":\"WebPage\",\"@id\":\"https:\\\/\\\/equilaw.be\\\/es\\\/equi-at-the-women-in-work-wiw-conference-in-london\\\/#webpage\",\"url\":\"https:\\\/\\\/equilaw.be\\\/es\\\/equi-at-the-women-in-work-wiw-conference-in-london\\\/\",\"name\":\"EQUI en la Women in Work (WIW) Conference de Londres - EQUI\",\"description\":\"Nos complace anunciar que EQUI participar\\u00e1 en la Women in Work Conference en Londres los d\\u00edas 7 y 8 de octubre de 2026. Ma\\u00eft\\u00e9 Rowies y Marie Michaud-N\\u00e9rard representar\\u00e1n a EQUI durante dos jornadas dedicadas a conversaciones inspiradoras, nuevas perspectivas e intercambios enriquecedores sobre la evoluci\\u00f3n del mundo laboral. La conferencia ser\\u00e1 una excelente oportunidad\",\"inLanguage\":\"es-ES\",\"isPartOf\":{\"@id\":\"https:\\\/\\\/equilaw.be\\\/es\\\/#website\"},\"breadcrumb\":{\"@id\":\"https:\\\/\\\/equilaw.be\\\/es\\\/equi-at-the-women-in-work-wiw-conference-in-london\\\/#breadcrumblist\"},\"author\":{\"@id\":\"https:\\\/\\\/equilaw.be\\\/es\\\/author\\\/admin_equi\\\/#author\"},\"creator\":{\"@id\":\"https:\\\/\\\/equilaw.be\\\/es\\\/author\\\/admin_equi\\\/#author\"},\"image\":{\"@type\":\"ImageObject\",\"url\":\"https:\\\/\\\/equilaw.be\\\/wp-content\\\/uploads\\\/2025\\\/02\\\/Group-2.jpg\",\"@id\":\"https:\\\/\\\/equilaw.be\\\/es\\\/equi-at-the-women-in-work-wiw-conference-in-london\\\/#mainImage\",\"width\":540,\"height\":693},\"primaryImageOfPage\":{\"@id\":\"https:\\\/\\\/equilaw.be\\\/es\\\/equi-at-the-women-in-work-wiw-conference-in-london\\\/#mainImage\"},\"datePublished\":\"2026-08-26T16:51:55+02:00\",\"dateModified\":\"2026-08-27T08:43:58+02:00\"},{\"@type\":\"WebSite\",\"@id\":\"https:\\\/\\\/equilaw.be\\\/es\\\/#website\",\"url\":\"https:\\\/\\\/equilaw.be\\\/es\\\/\",\"name\":\"EQUI\",\"description\":\"Despacho belga de derecho laboral en Bruselas\",\"inLanguage\":\"es-ES\",\"publisher\":{\"@id\":\"https:\\\/\\\/equilaw.be\\\/es\\\/#organization\"}}]}\n\t\t<\/script>\n\t\t<!-- All in One SEO -->\n\n","aioseo_head_json":{"title":"EQUI en la Women in Work (WIW) Conference de Londres - EQUI","description":"Nos complace anunciar que EQUI participar\u00e1 en la Women in Work Conference en Londres los d\u00edas 7 y 8 de octubre de 2026. Ma\u00eft\u00e9 Rowies y Marie Michaud-N\u00e9rard representar\u00e1n a EQUI durante dos jornadas dedicadas a conversaciones inspiradoras, nuevas perspectivas e intercambios enriquecedores sobre la evoluci\u00f3n del mundo laboral. La conferencia ser\u00e1 una excelente oportunidad","canonical_url":"https:\/\/equilaw.be\/es\/equi-at-the-women-in-work-wiw-conference-in-london\/","robots":"max-image-preview:large","keywords":"","webmasterTools":{"miscellaneous":""},"schema":{"@context":"https:\/\/schema.org","@graph":[{"@type":"BlogPosting","@id":"https:\/\/equilaw.be\/es\/equi-at-the-women-in-work-wiw-conference-in-london\/#blogposting","name":"EQUI en la Women in Work (WIW) Conference de Londres - EQUI","headline":"EQUI en la Women in Work (WIW) Conference de Londres","author":{"@id":"https:\/\/equilaw.be\/es\/author\/admin_equi\/#author"},"publisher":{"@id":"https:\/\/equilaw.be\/es\/#organization"},"image":{"@type":"ImageObject","url":"https:\/\/equilaw.be\/wp-content\/uploads\/2025\/02\/Group-2.jpg","width":540,"height":693},"datePublished":"2026-08-26T16:51:55+02:00","dateModified":"2026-08-27T08:43:58+02:00","inLanguage":"es-ES","mainEntityOfPage":{"@id":"https:\/\/equilaw.be\/es\/equi-at-the-women-in-work-wiw-conference-in-london\/#webpage"},"isPartOf":{"@id":"https:\/\/equilaw.be\/es\/equi-at-the-women-in-work-wiw-conference-in-london\/#webpage"},"articleSection":"Noticias, Opcional"},{"@type":"BreadcrumbList","@id":"https:\/\/equilaw.be\/es\/equi-at-the-women-in-work-wiw-conference-in-london\/#breadcrumblist","itemListElement":[{"@type":"ListItem","@id":"https:\/\/equilaw.be\/es\/#listItem","position":1,"name":"Home","item":"https:\/\/equilaw.be\/es\/","nextItem":{"@type":"ListItem","@id":"https:\/\/equilaw.be\/es\/blog\/noticias\/#listItem","name":"Noticias"}},{"@type":"ListItem","@id":"https:\/\/equilaw.be\/es\/blog\/noticias\/#listItem","position":2,"name":"Noticias","item":"https:\/\/equilaw.be\/es\/blog\/noticias\/","nextItem":{"@type":"ListItem","@id":"https:\/\/equilaw.be\/es\/equi-at-the-women-in-work-wiw-conference-in-london\/#listItem","name":"EQUI en la Women in Work (WIW) Conference de Londres"},"previousItem":{"@type":"ListItem","@id":"https:\/\/equilaw.be\/es\/#listItem","name":"Home"}},{"@type":"ListItem","@id":"https:\/\/equilaw.be\/es\/equi-at-the-women-in-work-wiw-conference-in-london\/#listItem","position":3,"name":"EQUI en la Women in Work (WIW) Conference de Londres","previousItem":{"@type":"ListItem","@id":"https:\/\/equilaw.be\/es\/blog\/noticias\/#listItem","name":"Noticias"}}]},{"@type":"Organization","@id":"https:\/\/equilaw.be\/es\/#organization","name":"EQUI","description":"Despacho belga de derecho laboral en Bruselas","url":"https:\/\/equilaw.be\/es\/","logo":{"@type":"ImageObject","url":"https:\/\/equilaw.be\/wp-content\/uploads\/2024\/12\/Group-60.svg","@id":"https:\/\/equilaw.be\/es\/equi-at-the-women-in-work-wiw-conference-in-london\/#organizationLogo","width":75,"height":87},"image":{"@id":"https:\/\/equilaw.be\/es\/equi-at-the-women-in-work-wiw-conference-in-london\/#organizationLogo"}},{"@type":"Person","@id":"https:\/\/equilaw.be\/es\/author\/admin_equi\/#author","url":"https:\/\/equilaw.be\/es\/author\/admin_equi\/","name":"Equi","image":{"@type":"ImageObject","@id":"https:\/\/equilaw.be\/es\/equi-at-the-women-in-work-wiw-conference-in-london\/#authorImage","url":"https:\/\/secure.gravatar.com\/avatar\/223cc144870bd81a9e913a2ada7b047b99a7560d3b31f0e56a5af965b7ca0a5e?s=96&d=mm&r=g","width":96,"height":96,"caption":"Equi"}},{"@type":"WebPage","@id":"https:\/\/equilaw.be\/es\/equi-at-the-women-in-work-wiw-conference-in-london\/#webpage","url":"https:\/\/equilaw.be\/es\/equi-at-the-women-in-work-wiw-conference-in-london\/","name":"EQUI en la Women in Work (WIW) Conference de Londres - EQUI","description":"Nos complace anunciar que EQUI participar\u00e1 en la Women in Work Conference en Londres los d\u00edas 7 y 8 de octubre de 2026. Ma\u00eft\u00e9 Rowies y Marie Michaud-N\u00e9rard representar\u00e1n a EQUI durante dos jornadas dedicadas a conversaciones inspiradoras, nuevas perspectivas e intercambios enriquecedores sobre la evoluci\u00f3n del mundo laboral. La conferencia ser\u00e1 una excelente oportunidad","inLanguage":"es-ES","isPartOf":{"@id":"https:\/\/equilaw.be\/es\/#website"},"breadcrumb":{"@id":"https:\/\/equilaw.be\/es\/equi-at-the-women-in-work-wiw-conference-in-london\/#breadcrumblist"},"author":{"@id":"https:\/\/equilaw.be\/es\/author\/admin_equi\/#author"},"creator":{"@id":"https:\/\/equilaw.be\/es\/author\/admin_equi\/#author"},"image":{"@type":"ImageObject","url":"https:\/\/equilaw.be\/wp-content\/uploads\/2025\/02\/Group-2.jpg","@id":"https:\/\/equilaw.be\/es\/equi-at-the-women-in-work-wiw-conference-in-london\/#mainImage","width":540,"height":693},"primaryImageOfPage":{"@id":"https:\/\/equilaw.be\/es\/equi-at-the-women-in-work-wiw-conference-in-london\/#mainImage"},"datePublished":"2026-08-26T16:51:55+02:00","dateModified":"2026-08-27T08:43:58+02:00"},{"@type":"WebSite","@id":"https:\/\/equilaw.be\/es\/#website","url":"https:\/\/equilaw.be\/es\/","name":"EQUI","description":"Despacho belga de derecho laboral en Bruselas","inLanguage":"es-ES","publisher":{"@id":"https:\/\/equilaw.be\/es\/#organization"}}]},"og:locale":"es_ES","og:site_name":"EQUI - Despacho belga de derecho laboral en Bruselas","og:type":"article","og:title":"EQUI en la Women in Work (WIW) Conference de Londres - EQUI","og:description":"Nos complace anunciar que EQUI participar\u00e1 en la Women in Work Conference en Londres los d\u00edas 7 y 8 de octubre de 2026. Ma\u00eft\u00e9 Rowies y Marie Michaud-N\u00e9rard representar\u00e1n a EQUI durante dos jornadas dedicadas a conversaciones inspiradoras, nuevas perspectivas e intercambios enriquecedores sobre la evoluci\u00f3n del mundo laboral. La conferencia ser\u00e1 una excelente oportunidad","og:url":"https:\/\/equilaw.be\/es\/equi-at-the-women-in-work-wiw-conference-in-london\/","og:image":"https:\/\/equilaw.be\/wp-content\/uploads\/2024\/12\/Group-60.svg","og:image:secure_url":"https:\/\/equilaw.be\/wp-content\/uploads\/2024\/12\/Group-60.svg","article:published_time":"2026-08-26T14:51:55+00:00","article:modified_time":"2026-08-27T06:43:58+00:00","twitter:card":"summary_large_image","twitter:title":"EQUI en la Women in Work (WIW) Conference de Londres - EQUI","twitter:description":"Nos complace anunciar que EQUI participar\u00e1 en la Women in Work Conference en Londres los d\u00edas 7 y 8 de octubre de 2026. Ma\u00eft\u00e9 Rowies y Marie Michaud-N\u00e9rard representar\u00e1n a EQUI durante dos jornadas dedicadas a conversaciones inspiradoras, nuevas perspectivas e intercambios enriquecedores sobre la evoluci\u00f3n del mundo laboral. La conferencia ser\u00e1 una excelente oportunidad","twitter:image":"https:\/\/equilaw.be\/wp-content\/uploads\/2024\/12\/Group-60.svg"},"aioseo_meta_data":{"post_id":"1897","title":null,"description":null,"keywords":null,"keyphrases":{"focus":{"keyphrase":"","score":0,"analysis":{"keyphraseInTitle":{"score":0,"maxScore":9,"error":1}}},"additional":[]},"primary_term":null,"canonical_url":null,"og_title":null,"og_description":null,"og_object_type":"default","og_image_type":"default","og_image_url":null,"og_image_width":null,"og_image_height":null,"og_image_custom_url":null,"og_image_custom_fields":null,"og_video":"","og_custom_url":null,"og_article_section":null,"og_article_tags":null,"twitter_use_og":false,"twitter_card":"default","twitter_image_type":"default","twitter_image_url":null,"twitter_image_custom_url":null,"twitter_image_custom_fields":null,"twitter_title":null,"twitter_description":null,"schema":{"blockGraphs":[],"customGraphs":[],"default":{"data":{"Article":[],"Course":[],"Dataset":[],"FAQPage":[],"Movie":[],"Person":[],"Product":[],"ProductReview":[],"Car":[],"Recipe":[],"Service":[],"SoftwareApplication":[],"WebPage":[]},"graphName":"BlogPosting","isEnabled":true},"graphs":[]},"schema_type":"default","schema_type_options":null,"pillar_content":false,"robots_default":true,"robots_noindex":false,"robots_noarchive":false,"robots_nosnippet":false,"robots_nofollow":false,"robots_noimageindex":false,"robots_noodp":false,"robots_notranslate":false,"robots_max_snippet":"-1","robots_max_videopreview":"-1","robots_max_imagepreview":"large","priority":null,"frequency":"default","local_seo":null,"breadcrumb_settings":null,"limit_modified_date":false,"ai":{"faqs":[],"keyPoints":[],"schemas":[],"titles":[],"descriptions":[],"socialPosts":{"email":{"subject":"","preview":"","content":""},"linkedin":[],"twitter":[],"facebook":[],"instagram":[]}},"created":"2026-08-26 20:44:48","updated":"2026-08-27 12:52:49","seo_analyzer_scan_date":null,"focus_keyword":null,"additional_keywords":null,"truseo_locale":null},"aioseo_breadcrumb":"<div class=\"aioseo-breadcrumbs\"><span class=\"aioseo-breadcrumb\">\n\t\t\t<a href=\"https:\/\/equilaw.be\/es\/\" title=\"Home\">Home<\/a>\n\t\t<\/span><span class=\"aioseo-breadcrumb-separator\">&raquo;<\/span><span class=\"aioseo-breadcrumb\">\n\t\t\t<a href=\"https:\/\/equilaw.be\/es\/blog\/noticias\/\" title=\"Noticias\">Noticias<\/a>\n\t\t<\/span><span class=\"aioseo-breadcrumb-separator\">&raquo;<\/span><span class=\"aioseo-breadcrumb\">\n\t\t\tEQUI en la Women in Work (WIW) Conference de Londres\n\t\t<\/span><\/div>","aioseo_breadcrumb_json":[{"label":"Home","link":"https:\/\/equilaw.be\/es\/"},{"label":"Noticias","link":"https:\/\/equilaw.be\/es\/blog\/noticias\/"},{"label":"EQUI en la Women in Work (WIW) Conference de Londres","link":"https:\/\/equilaw.be\/es\/equi-at-the-women-in-work-wiw-conference-in-london\/"}],"_links":{"self":[{"href":"https:\/\/equilaw.be\/es\/wp-json\/wp\/v2\/posts\/1897","targetHints":{"allow":["GET"]}}],"collection":[{"href":"https:\/\/equilaw.be\/es\/wp-json\/wp\/v2\/posts"}],"about":[{"href":"https:\/\/equilaw.be\/es\/wp-json\/wp\/v2\/types\/post"}],"author":[{"embeddable":true,"href":"https:\/\/equilaw.be\/es\/wp-json\/wp\/v2\/users\/2"}],"replies":[{"embeddable":true,"href":"https:\/\/equilaw.be\/es\/wp-json\/wp\/v2\/comments?post=1897"}],"version-history":[{"count":1,"href":"https:\/\/equilaw.be\/es\/wp-json\/wp\/v2\/posts\/1897\/revisions"}],"predecessor-version":[{"id":1902,"href":"https:\/\/equilaw.be\/es\/wp-json\/wp\/v2\/posts\/1897\/revisions\/1902"}],"wp:featuredmedia":[{"embeddable":true,"href":"https:\/\/equilaw.be\/es\/wp-json\/wp\/v2\/media\/696"}],"wp:attachment":[{"href":"https:\/\/equilaw.be\/es\/wp-json\/wp\/v2\/media?parent=1897"}],"wp:term":[{"taxonomy":"category","embeddable":true,"href":"https:\/\/equilaw.be\/es\/wp-json\/wp\/v2\/categories?post=1897"},{"taxonomy":"post_tag","embeddable":true,"href":"https:\/\/equilaw.be\/es\/wp-json\/wp\/v2\/tags?post=1897"}],"curies":[{"name":"wp","href":"https:\/\/api.w.org\/{rel}","templated":true}]}}