{"id":1892,"date":"2026-08-26T16:51:55","date_gmt":"2026-08-26T14:51:55","guid":{"rendered":"https:\/\/equilaw.be\/?p=1892"},"modified":"2026-08-26T16:51:56","modified_gmt":"2026-08-26T14:51:56","slug":"equi-at-the-women-in-work-wiw-conference-in-london","status":"publish","type":"post","link":"https:\/\/equilaw.be\/en\/equi-at-the-women-in-work-wiw-conference-in-london\/","title":{"rendered":"EQUI at the Women in Work (WIW) Conference in London"},"content":{"rendered":"\n<p class=\"wp-block-paragraph\">We are delighted to announce that <strong>EQUI will be attending the Women in Work Conference in London on 7 and 8 October 2026<\/strong>.<\/p>\n\n\n\n<p class=\"wp-block-paragraph\"><strong>Ma\u00eft\u00e9 Rowies<\/strong> and <strong>Marie Michaud-N\u00e9rard<\/strong> will be representing EQUI for two days dedicated to inspiring discussions, new perspectives and meaningful exchanges around the evolving world of work.<\/p>\n\n\n\n<p class=\"wp-block-paragraph\">The conference will be a great opportunity to connect with employment law professionals from across the UK and beyond, exchange experiences and perspectives, and discuss the challenges and developments shaping the workplace of tomorrow.<\/p>\n\n\n\n<p class=\"wp-block-paragraph\">Ma\u00eft\u00e9 and Marie are very much looking forward to reconnecting with familiar faces, making new connections and bringing fresh insights back to EQUI.<\/p>\n\n\n\n<p class=\"wp-block-paragraph\"><strong>Looking forward to London!<\/strong><\/p>\n\n\n\n<p class=\"wp-block-paragraph\"><\/p>\n","protected":false},"excerpt":{"rendered":"<p>We are delighted to announce that EQUI will be attending the Women in Work Conference in London on 7 and&#8230;<\/p>\n","protected":false},"author":2,"featured_media":233,"comment_status":"open","ping_status":"closed","sticky":false,"template":"","format":"standard","meta":{"_acf_changed":false,"inline_featured_image":false,"footnotes":""},"categories":[1],"tags":[],"class_list":["post-1892","post","type-post","status-publish","format-standard","has-post-thumbnail","hentry","category-news"],"acf":[],"aioseo_notices":[],"aioseo_head":"\n\t\t<!-- All in One SEO 5.0.0.1 - aioseo.com -->\n\t<meta name=\"description\" content=\"We are delighted to announce that EQUI will be attending the Women in Work Conference in London on 7 and 8 October 2026. Ma\u00eft\u00e9 Rowies and Marie Michaud-N\u00e9rard will be representing EQUI for two days dedicated to inspiring discussions, new perspectives and meaningful exchanges around the evolving world of work. The conference will be a\" \/>\n\t<meta name=\"robots\" content=\"max-image-preview:large\" \/>\n\t<meta name=\"author\" content=\"Equi\"\/>\n\t<link rel=\"canonical\" href=\"https:\/\/equilaw.be\/en\/equi-at-the-women-in-work-wiw-conference-in-london\/\" \/>\n\t<meta name=\"generator\" content=\"All in One SEO (AIOSEO) 5.0.0.1\" \/>\n\t\t<meta property=\"og:locale\" content=\"en_US\" \/>\n\t\t<meta property=\"og:site_name\" content=\"EQUI - Belgian employment law firm Brussels\" \/>\n\t\t<meta property=\"og:type\" content=\"article\" \/>\n\t\t<meta property=\"og:title\" content=\"EQUI at the Women in Work (WIW) Conference in London - EQUI\" \/>\n\t\t<meta property=\"og:description\" content=\"We are delighted to announce that EQUI will be attending the Women in Work Conference in London on 7 and 8 October 2026. Ma\u00eft\u00e9 Rowies and Marie Michaud-N\u00e9rard will be representing EQUI for two days dedicated to inspiring discussions, new perspectives and meaningful exchanges around the evolving world of work. The conference will be a\" \/>\n\t\t<meta property=\"og:url\" content=\"https:\/\/equilaw.be\/en\/equi-at-the-women-in-work-wiw-conference-in-london\/\" \/>\n\t\t<meta property=\"og:image\" content=\"https:\/\/equilaw.be\/wp-content\/uploads\/2024\/12\/Group-60.svg\" \/>\n\t\t<meta property=\"og:image:secure_url\" content=\"https:\/\/equilaw.be\/wp-content\/uploads\/2024\/12\/Group-60.svg\" \/>\n\t\t<meta property=\"article:published_time\" content=\"2026-08-26T14:51:55+00:00\" \/>\n\t\t<meta property=\"article:modified_time\" content=\"2026-08-26T14:51:56+00:00\" \/>\n\t\t<meta name=\"twitter:card\" content=\"summary_large_image\" \/>\n\t\t<meta name=\"twitter:title\" content=\"EQUI at the Women in Work (WIW) Conference in London - EQUI\" \/>\n\t\t<meta name=\"twitter:description\" content=\"We are delighted to announce that EQUI will be attending the Women in Work Conference in London on 7 and 8 October 2026. Ma\u00eft\u00e9 Rowies and Marie Michaud-N\u00e9rard will be representing EQUI for two days dedicated to inspiring discussions, new perspectives and meaningful exchanges around the evolving world of work. The conference will be a\" \/>\n\t\t<meta name=\"twitter:image\" content=\"https:\/\/equilaw.be\/wp-content\/uploads\/2024\/12\/Group-60.svg\" \/>\n\t\t<script type=\"application\/ld+json\" class=\"aioseo-schema\">\n\t\t\t{\"@context\":\"https:\\\/\\\/schema.org\",\"@graph\":[{\"@type\":\"BlogPosting\",\"@id\":\"https:\\\/\\\/equilaw.be\\\/en\\\/equi-at-the-women-in-work-wiw-conference-in-london\\\/#blogposting\",\"name\":\"EQUI at the Women in Work (WIW) Conference in London - EQUI\",\"headline\":\"EQUI at the Women in Work (WIW) Conference in London\",\"author\":{\"@id\":\"https:\\\/\\\/equilaw.be\\\/en\\\/author\\\/admin_equi\\\/#author\"},\"publisher\":{\"@id\":\"https:\\\/\\\/equilaw.be\\\/en\\\/#organization\"},\"image\":{\"@type\":\"ImageObject\",\"url\":\"https:\\\/\\\/equilaw.be\\\/wp-content\\\/uploads\\\/2025\\\/02\\\/Group-2.jpg\",\"width\":540,\"height\":693},\"datePublished\":\"2026-08-26T16:51:55+02:00\",\"dateModified\":\"2026-08-26T16:51:56+02:00\",\"inLanguage\":\"en-US\",\"mainEntityOfPage\":{\"@id\":\"https:\\\/\\\/equilaw.be\\\/en\\\/equi-at-the-women-in-work-wiw-conference-in-london\\\/#webpage\"},\"isPartOf\":{\"@id\":\"https:\\\/\\\/equilaw.be\\\/en\\\/equi-at-the-women-in-work-wiw-conference-in-london\\\/#webpage\"},\"articleSection\":\"News, Optional\"},{\"@type\":\"BreadcrumbList\",\"@id\":\"https:\\\/\\\/equilaw.be\\\/en\\\/equi-at-the-women-in-work-wiw-conference-in-london\\\/#breadcrumblist\",\"itemListElement\":[{\"@type\":\"ListItem\",\"@id\":\"https:\\\/\\\/equilaw.be\\\/en\\\/#listItem\",\"position\":1,\"name\":\"Home\",\"item\":\"https:\\\/\\\/equilaw.be\\\/en\\\/\",\"nextItem\":{\"@type\":\"ListItem\",\"@id\":\"https:\\\/\\\/equilaw.be\\\/en\\\/blog\\\/news\\\/#listItem\",\"name\":\"News\"}},{\"@type\":\"ListItem\",\"@id\":\"https:\\\/\\\/equilaw.be\\\/en\\\/blog\\\/news\\\/#listItem\",\"position\":2,\"name\":\"News\",\"item\":\"https:\\\/\\\/equilaw.be\\\/en\\\/blog\\\/news\\\/\",\"nextItem\":{\"@type\":\"ListItem\",\"@id\":\"https:\\\/\\\/equilaw.be\\\/en\\\/equi-at-the-women-in-work-wiw-conference-in-london\\\/#listItem\",\"name\":\"EQUI at the Women in Work (WIW) Conference in London\"},\"previousItem\":{\"@type\":\"ListItem\",\"@id\":\"https:\\\/\\\/equilaw.be\\\/en\\\/#listItem\",\"name\":\"Home\"}},{\"@type\":\"ListItem\",\"@id\":\"https:\\\/\\\/equilaw.be\\\/en\\\/equi-at-the-women-in-work-wiw-conference-in-london\\\/#listItem\",\"position\":3,\"name\":\"EQUI at the Women in Work (WIW) Conference in London\",\"previousItem\":{\"@type\":\"ListItem\",\"@id\":\"https:\\\/\\\/equilaw.be\\\/en\\\/blog\\\/news\\\/#listItem\",\"name\":\"News\"}}]},{\"@type\":\"Organization\",\"@id\":\"https:\\\/\\\/equilaw.be\\\/en\\\/#organization\",\"name\":\"EQUI\",\"description\":\"Belgian employment law firm Brussels\",\"url\":\"https:\\\/\\\/equilaw.be\\\/en\\\/\",\"logo\":{\"@type\":\"ImageObject\",\"url\":\"https:\\\/\\\/equilaw.be\\\/wp-content\\\/uploads\\\/2024\\\/12\\\/Group-60.svg\",\"@id\":\"https:\\\/\\\/equilaw.be\\\/en\\\/equi-at-the-women-in-work-wiw-conference-in-london\\\/#organizationLogo\",\"width\":75,\"height\":87},\"image\":{\"@id\":\"https:\\\/\\\/equilaw.be\\\/en\\\/equi-at-the-women-in-work-wiw-conference-in-london\\\/#organizationLogo\"}},{\"@type\":\"Person\",\"@id\":\"https:\\\/\\\/equilaw.be\\\/en\\\/author\\\/admin_equi\\\/#author\",\"url\":\"https:\\\/\\\/equilaw.be\\\/en\\\/author\\\/admin_equi\\\/\",\"name\":\"Equi\",\"image\":{\"@type\":\"ImageObject\",\"@id\":\"https:\\\/\\\/equilaw.be\\\/en\\\/equi-at-the-women-in-work-wiw-conference-in-london\\\/#authorImage\",\"url\":\"https:\\\/\\\/secure.gravatar.com\\\/avatar\\\/223cc144870bd81a9e913a2ada7b047b99a7560d3b31f0e56a5af965b7ca0a5e?s=96&d=mm&r=g\",\"width\":96,\"height\":96,\"caption\":\"Equi\"}},{\"@type\":\"WebPage\",\"@id\":\"https:\\\/\\\/equilaw.be\\\/en\\\/equi-at-the-women-in-work-wiw-conference-in-london\\\/#webpage\",\"url\":\"https:\\\/\\\/equilaw.be\\\/en\\\/equi-at-the-women-in-work-wiw-conference-in-london\\\/\",\"name\":\"EQUI at the Women in Work (WIW) Conference in London - EQUI\",\"description\":\"We are delighted to announce that EQUI will be attending the Women in Work Conference in London on 7 and 8 October 2026. Ma\\u00eft\\u00e9 Rowies and Marie Michaud-N\\u00e9rard will be representing EQUI for two days dedicated to inspiring discussions, new perspectives and meaningful exchanges around the evolving world of work. The conference will be a\",\"inLanguage\":\"en-US\",\"isPartOf\":{\"@id\":\"https:\\\/\\\/equilaw.be\\\/en\\\/#website\"},\"breadcrumb\":{\"@id\":\"https:\\\/\\\/equilaw.be\\\/en\\\/equi-at-the-women-in-work-wiw-conference-in-london\\\/#breadcrumblist\"},\"author\":{\"@id\":\"https:\\\/\\\/equilaw.be\\\/en\\\/author\\\/admin_equi\\\/#author\"},\"creator\":{\"@id\":\"https:\\\/\\\/equilaw.be\\\/en\\\/author\\\/admin_equi\\\/#author\"},\"image\":{\"@type\":\"ImageObject\",\"url\":\"https:\\\/\\\/equilaw.be\\\/wp-content\\\/uploads\\\/2025\\\/02\\\/Group-2.jpg\",\"@id\":\"https:\\\/\\\/equilaw.be\\\/en\\\/equi-at-the-women-in-work-wiw-conference-in-london\\\/#mainImage\",\"width\":540,\"height\":693},\"primaryImageOfPage\":{\"@id\":\"https:\\\/\\\/equilaw.be\\\/en\\\/equi-at-the-women-in-work-wiw-conference-in-london\\\/#mainImage\"},\"datePublished\":\"2026-08-26T16:51:55+02:00\",\"dateModified\":\"2026-08-26T16:51:56+02:00\"},{\"@type\":\"WebSite\",\"@id\":\"https:\\\/\\\/equilaw.be\\\/en\\\/#website\",\"url\":\"https:\\\/\\\/equilaw.be\\\/en\\\/\",\"name\":\"EQUI\",\"description\":\"Belgian employment law firm Brussels\",\"inLanguage\":\"en-US\",\"publisher\":{\"@id\":\"https:\\\/\\\/equilaw.be\\\/en\\\/#organization\"}}]}\n\t\t<\/script>\n\t\t<!-- All in One SEO -->\n\n","aioseo_head_json":{"title":"EQUI at the Women in Work (WIW) Conference in London - EQUI","description":"We are delighted to announce that EQUI will be attending the Women in Work Conference in London on 7 and 8 October 2026. Ma\u00eft\u00e9 Rowies and Marie Michaud-N\u00e9rard will be representing EQUI for two days dedicated to inspiring discussions, new perspectives and meaningful exchanges around the evolving world of work. The conference will be a","canonical_url":"https:\/\/equilaw.be\/en\/equi-at-the-women-in-work-wiw-conference-in-london\/","robots":"max-image-preview:large","keywords":"","webmasterTools":{"miscellaneous":""},"schema":{"@context":"https:\/\/schema.org","@graph":[{"@type":"BlogPosting","@id":"https:\/\/equilaw.be\/en\/equi-at-the-women-in-work-wiw-conference-in-london\/#blogposting","name":"EQUI at the Women in Work (WIW) Conference in London - EQUI","headline":"EQUI at the Women in Work (WIW) Conference in London","author":{"@id":"https:\/\/equilaw.be\/en\/author\/admin_equi\/#author"},"publisher":{"@id":"https:\/\/equilaw.be\/en\/#organization"},"image":{"@type":"ImageObject","url":"https:\/\/equilaw.be\/wp-content\/uploads\/2025\/02\/Group-2.jpg","width":540,"height":693},"datePublished":"2026-08-26T16:51:55+02:00","dateModified":"2026-08-26T16:51:56+02:00","inLanguage":"en-US","mainEntityOfPage":{"@id":"https:\/\/equilaw.be\/en\/equi-at-the-women-in-work-wiw-conference-in-london\/#webpage"},"isPartOf":{"@id":"https:\/\/equilaw.be\/en\/equi-at-the-women-in-work-wiw-conference-in-london\/#webpage"},"articleSection":"News, Optional"},{"@type":"BreadcrumbList","@id":"https:\/\/equilaw.be\/en\/equi-at-the-women-in-work-wiw-conference-in-london\/#breadcrumblist","itemListElement":[{"@type":"ListItem","@id":"https:\/\/equilaw.be\/en\/#listItem","position":1,"name":"Home","item":"https:\/\/equilaw.be\/en\/","nextItem":{"@type":"ListItem","@id":"https:\/\/equilaw.be\/en\/blog\/news\/#listItem","name":"News"}},{"@type":"ListItem","@id":"https:\/\/equilaw.be\/en\/blog\/news\/#listItem","position":2,"name":"News","item":"https:\/\/equilaw.be\/en\/blog\/news\/","nextItem":{"@type":"ListItem","@id":"https:\/\/equilaw.be\/en\/equi-at-the-women-in-work-wiw-conference-in-london\/#listItem","name":"EQUI at the Women in Work (WIW) Conference in London"},"previousItem":{"@type":"ListItem","@id":"https:\/\/equilaw.be\/en\/#listItem","name":"Home"}},{"@type":"ListItem","@id":"https:\/\/equilaw.be\/en\/equi-at-the-women-in-work-wiw-conference-in-london\/#listItem","position":3,"name":"EQUI at the Women in Work (WIW) Conference in London","previousItem":{"@type":"ListItem","@id":"https:\/\/equilaw.be\/en\/blog\/news\/#listItem","name":"News"}}]},{"@type":"Organization","@id":"https:\/\/equilaw.be\/en\/#organization","name":"EQUI","description":"Belgian employment law firm Brussels","url":"https:\/\/equilaw.be\/en\/","logo":{"@type":"ImageObject","url":"https:\/\/equilaw.be\/wp-content\/uploads\/2024\/12\/Group-60.svg","@id":"https:\/\/equilaw.be\/en\/equi-at-the-women-in-work-wiw-conference-in-london\/#organizationLogo","width":75,"height":87},"image":{"@id":"https:\/\/equilaw.be\/en\/equi-at-the-women-in-work-wiw-conference-in-london\/#organizationLogo"}},{"@type":"Person","@id":"https:\/\/equilaw.be\/en\/author\/admin_equi\/#author","url":"https:\/\/equilaw.be\/en\/author\/admin_equi\/","name":"Equi","image":{"@type":"ImageObject","@id":"https:\/\/equilaw.be\/en\/equi-at-the-women-in-work-wiw-conference-in-london\/#authorImage","url":"https:\/\/secure.gravatar.com\/avatar\/223cc144870bd81a9e913a2ada7b047b99a7560d3b31f0e56a5af965b7ca0a5e?s=96&d=mm&r=g","width":96,"height":96,"caption":"Equi"}},{"@type":"WebPage","@id":"https:\/\/equilaw.be\/en\/equi-at-the-women-in-work-wiw-conference-in-london\/#webpage","url":"https:\/\/equilaw.be\/en\/equi-at-the-women-in-work-wiw-conference-in-london\/","name":"EQUI at the Women in Work (WIW) Conference in London - EQUI","description":"We are delighted to announce that EQUI will be attending the Women in Work Conference in London on 7 and 8 October 2026. Ma\u00eft\u00e9 Rowies and Marie Michaud-N\u00e9rard will be representing EQUI for two days dedicated to inspiring discussions, new perspectives and meaningful exchanges around the evolving world of work. The conference will be a","inLanguage":"en-US","isPartOf":{"@id":"https:\/\/equilaw.be\/en\/#website"},"breadcrumb":{"@id":"https:\/\/equilaw.be\/en\/equi-at-the-women-in-work-wiw-conference-in-london\/#breadcrumblist"},"author":{"@id":"https:\/\/equilaw.be\/en\/author\/admin_equi\/#author"},"creator":{"@id":"https:\/\/equilaw.be\/en\/author\/admin_equi\/#author"},"image":{"@type":"ImageObject","url":"https:\/\/equilaw.be\/wp-content\/uploads\/2025\/02\/Group-2.jpg","@id":"https:\/\/equilaw.be\/en\/equi-at-the-women-in-work-wiw-conference-in-london\/#mainImage","width":540,"height":693},"primaryImageOfPage":{"@id":"https:\/\/equilaw.be\/en\/equi-at-the-women-in-work-wiw-conference-in-london\/#mainImage"},"datePublished":"2026-08-26T16:51:55+02:00","dateModified":"2026-08-26T16:51:56+02:00"},{"@type":"WebSite","@id":"https:\/\/equilaw.be\/en\/#website","url":"https:\/\/equilaw.be\/en\/","name":"EQUI","description":"Belgian employment law firm Brussels","inLanguage":"en-US","publisher":{"@id":"https:\/\/equilaw.be\/en\/#organization"}}]},"og:locale":"en_US","og:site_name":"EQUI - Belgian employment law firm Brussels","og:type":"article","og:title":"EQUI at the Women in Work (WIW) Conference in London - EQUI","og:description":"We are delighted to announce that EQUI will be attending the Women in Work Conference in London on 7 and 8 October 2026. Ma\u00eft\u00e9 Rowies and Marie Michaud-N\u00e9rard will be representing EQUI for two days dedicated to inspiring discussions, new perspectives and meaningful exchanges around the evolving world of work. The conference will be a","og:url":"https:\/\/equilaw.be\/en\/equi-at-the-women-in-work-wiw-conference-in-london\/","og:image":"https:\/\/equilaw.be\/wp-content\/uploads\/2024\/12\/Group-60.svg","og:image:secure_url":"https:\/\/equilaw.be\/wp-content\/uploads\/2024\/12\/Group-60.svg","article:published_time":"2026-08-26T14:51:55+00:00","article:modified_time":"2026-08-26T14:51:56+00:00","twitter:card":"summary_large_image","twitter:title":"EQUI at the Women in Work (WIW) Conference in London - EQUI","twitter:description":"We are delighted to announce that EQUI will be attending the Women in Work Conference in London on 7 and 8 October 2026. Ma\u00eft\u00e9 Rowies and Marie Michaud-N\u00e9rard will be representing EQUI for two days dedicated to inspiring discussions, new perspectives and meaningful exchanges around the evolving world of work. The conference will be a","twitter:image":"https:\/\/equilaw.be\/wp-content\/uploads\/2024\/12\/Group-60.svg"},"aioseo_meta_data":{"post_id":"1892","title":null,"description":null,"keywords":null,"keyphrases":{"focus":{"keyphrase":"","score":0,"analysis":{"keyphraseInTitle":{"score":0,"maxScore":9,"error":1}}},"additional":[]},"primary_term":null,"canonical_url":null,"og_title":null,"og_description":null,"og_object_type":"default","og_image_type":"default","og_image_url":null,"og_image_width":null,"og_image_height":null,"og_image_custom_url":null,"og_image_custom_fields":null,"og_video":"","og_custom_url":null,"og_article_section":null,"og_article_tags":null,"twitter_use_og":false,"twitter_card":"default","twitter_image_type":"default","twitter_image_url":null,"twitter_image_custom_url":null,"twitter_image_custom_fields":null,"twitter_title":null,"twitter_description":null,"schema":{"blockGraphs":[],"customGraphs":[],"default":{"data":{"Article":[],"Course":[],"Dataset":[],"FAQPage":[],"Movie":[],"Person":[],"Product":[],"ProductReview":[],"Car":[],"Recipe":[],"Service":[],"SoftwareApplication":[],"WebPage":[]},"graphName":"BlogPosting","isEnabled":true},"graphs":[]},"schema_type":"default","schema_type_options":null,"pillar_content":false,"robots_default":true,"robots_noindex":false,"robots_noarchive":false,"robots_nosnippet":false,"robots_nofollow":false,"robots_noimageindex":false,"robots_noodp":false,"robots_notranslate":false,"robots_max_snippet":"-1","robots_max_videopreview":"-1","robots_max_imagepreview":"large","priority":null,"frequency":"default","local_seo":null,"breadcrumb_settings":null,"limit_modified_date":false,"ai":{"faqs":[],"keyPoints":[],"schemas":[],"titles":[],"descriptions":[],"socialPosts":{"email":{"subject":"","preview":"","content":""},"linkedin":[],"twitter":[],"facebook":[],"instagram":[]}},"created":"2026-08-26 14:51:56","updated":"2026-08-26 20:44:48","seo_analyzer_scan_date":null,"focus_keyword":null,"additional_keywords":null,"truseo_locale":null},"aioseo_breadcrumb":"<div class=\"aioseo-breadcrumbs\"><span class=\"aioseo-breadcrumb\">\n\t\t\t<a href=\"https:\/\/equilaw.be\/en\/\" title=\"Home\">Home<\/a>\n\t\t<\/span><span class=\"aioseo-breadcrumb-separator\">&raquo;<\/span><span class=\"aioseo-breadcrumb\">\n\t\t\t<a href=\"https:\/\/equilaw.be\/en\/blog\/news\/\" title=\"News\">News<\/a>\n\t\t<\/span><span class=\"aioseo-breadcrumb-separator\">&raquo;<\/span><span class=\"aioseo-breadcrumb\">\n\t\t\tEQUI at the Women in Work (WIW) Conference in London\n\t\t<\/span><\/div>","aioseo_breadcrumb_json":[{"label":"Home","link":"https:\/\/equilaw.be\/en\/"},{"label":"News","link":"https:\/\/equilaw.be\/en\/blog\/news\/"},{"label":"EQUI at the Women in Work (WIW) Conference in London","link":"https:\/\/equilaw.be\/en\/equi-at-the-women-in-work-wiw-conference-in-london\/"}],"_links":{"self":[{"href":"https:\/\/equilaw.be\/en\/wp-json\/wp\/v2\/posts\/1892","targetHints":{"allow":["GET"]}}],"collection":[{"href":"https:\/\/equilaw.be\/en\/wp-json\/wp\/v2\/posts"}],"about":[{"href":"https:\/\/equilaw.be\/en\/wp-json\/wp\/v2\/types\/post"}],"author":[{"embeddable":true,"href":"https:\/\/equilaw.be\/en\/wp-json\/wp\/v2\/users\/2"}],"replies":[{"embeddable":true,"href":"https:\/\/equilaw.be\/en\/wp-json\/wp\/v2\/comments?post=1892"}],"version-history":[{"count":1,"href":"https:\/\/equilaw.be\/en\/wp-json\/wp\/v2\/posts\/1892\/revisions"}],"predecessor-version":[{"id":1893,"href":"https:\/\/equilaw.be\/en\/wp-json\/wp\/v2\/posts\/1892\/revisions\/1893"}],"wp:featuredmedia":[{"embeddable":true,"href":"https:\/\/equilaw.be\/en\/wp-json\/wp\/v2\/media\/233"}],"wp:attachment":[{"href":"https:\/\/equilaw.be\/en\/wp-json\/wp\/v2\/media?parent=1892"}],"wp:term":[{"taxonomy":"category","embeddable":true,"href":"https:\/\/equilaw.be\/en\/wp-json\/wp\/v2\/categories?post=1892"},{"taxonomy":"post_tag","embeddable":true,"href":"https:\/\/equilaw.be\/en\/wp-json\/wp\/v2\/tags?post=1892"}],"curies":[{"name":"wp","href":"https:\/\/api.w.org\/{rel}","templated":true}]}}