{"id":1896,"date":"2026-08-26T16:51:55","date_gmt":"2026-08-26T14:51:55","guid":{"rendered":"https:\/\/equilaw.be\/equi-at-the-women-in-work-wiw-conference-in-london\/"},"modified":"2026-08-27T08:42:25","modified_gmt":"2026-08-27T06:42:25","slug":"equi-at-the-women-in-work-wiw-conference-in-london","status":"publish","type":"post","link":"https:\/\/equilaw.be\/de\/equi-at-the-women-in-work-wiw-conference-in-london\/","title":{"rendered":"EQUI auf der Women in Work (WIW) Conference in London"},"content":{"rendered":"\n<p class=\"wp-block-paragraph\">Wir freuen uns, bekannt geben zu k\u00f6nnen, dass <strong>EQUI am 7. und 8. Oktober 2026 an der Women in Work Conference in London teilnehmen wird<\/strong>.<\/p>\n\n\n\n<p class=\"wp-block-paragraph\"><strong>Ma\u00eft\u00e9 Rowies<\/strong> und <strong>Marie Michaud-N\u00e9rard<\/strong> werden EQUI w\u00e4hrend zweier Tage vertreten, die inspirierenden Gespr\u00e4chen, neuen Perspektiven und einem bereichernden Austausch \u00fcber die sich wandelnde Arbeitswelt gewidmet sind.<\/p>\n\n\n\n<p class=\"wp-block-paragraph\">Die Konferenz bietet eine hervorragende Gelegenheit, mit Arbeitsrechtsexpertinnen und -experten aus dem Vereinigten K\u00f6nigreich und dar\u00fcber hinaus in Kontakt zu treten, Erfahrungen und Perspektiven auszutauschen und \u00fcber die Herausforderungen und Entwicklungen zu diskutieren, die die Arbeitswelt von morgen pr\u00e4gen.<\/p>\n\n\n\n<p class=\"wp-block-paragraph\">Ma\u00eft\u00e9 und Marie freuen sich sehr darauf, bekannte Gesichter wiederzusehen, neue Kontakte zu kn\u00fcpfen und neue Impulse und Erkenntnisse mit zu EQUI zu bringen.<\/p>\n\n\n\n<p class=\"wp-block-paragraph\"><strong>Auf nach London!<\/strong><\/p>\n\n\n\n<p class=\"wp-block-paragraph\"><\/p>\n","protected":false},"excerpt":{"rendered":"<p>Wir freuen uns, bekannt geben zu k\u00f6nnen, dass EQUI am 7. und 8. Oktober 2026 an der Women in Work&#8230;<\/p>\n","protected":false},"author":2,"featured_media":695,"comment_status":"open","ping_status":"closed","sticky":false,"template":"","format":"standard","meta":{"_acf_changed":false,"inline_featured_image":false,"footnotes":""},"categories":[51],"tags":[],"class_list":["post-1896","post","type-post","status-publish","format-standard","has-post-thumbnail","hentry","category-nachrichten"],"acf":[],"aioseo_notices":[],"aioseo_head":"\n\t\t<!-- All in One SEO 5.0.0.1 - aioseo.com -->\n\t<meta name=\"description\" content=\"Wir freuen uns, bekannt geben zu k\u00f6nnen, dass EQUI am 7. und 8. Oktober 2026 an der Women in Work Conference in London teilnehmen wird. Ma\u00eft\u00e9 Rowies und Marie Michaud-N\u00e9rard werden EQUI w\u00e4hrend zweier Tage vertreten, die inspirierenden Gespr\u00e4chen, neuen Perspektiven und einem bereichernden Austausch \u00fcber die sich wandelnde Arbeitswelt gewidmet sind. Die Konferenz bietet\" \/>\n\t<meta name=\"robots\" content=\"max-image-preview:large\" \/>\n\t<meta name=\"author\" content=\"Equi\"\/>\n\t<link rel=\"canonical\" href=\"https:\/\/equilaw.be\/de\/equi-at-the-women-in-work-wiw-conference-in-london\/\" \/>\n\t<meta name=\"generator\" content=\"All in One SEO (AIOSEO) 5.0.0.1\" \/>\n\t\t<meta property=\"og:locale\" content=\"de_DE\" \/>\n\t\t<meta property=\"og:site_name\" content=\"EQUI - Belgische Kanzlei f\u00fcr Arbeitsrecht in Br\u00fcssel\" \/>\n\t\t<meta property=\"og:type\" content=\"article\" \/>\n\t\t<meta property=\"og:title\" content=\"EQUI auf der Women in Work (WIW) Conference in London - EQUI\" \/>\n\t\t<meta property=\"og:description\" content=\"Wir freuen uns, bekannt geben zu k\u00f6nnen, dass EQUI am 7. und 8. Oktober 2026 an der Women in Work Conference in London teilnehmen wird. Ma\u00eft\u00e9 Rowies und Marie Michaud-N\u00e9rard werden EQUI w\u00e4hrend zweier Tage vertreten, die inspirierenden Gespr\u00e4chen, neuen Perspektiven und einem bereichernden Austausch \u00fcber die sich wandelnde Arbeitswelt gewidmet sind. Die Konferenz bietet\" \/>\n\t\t<meta property=\"og:url\" content=\"https:\/\/equilaw.be\/de\/equi-at-the-women-in-work-wiw-conference-in-london\/\" \/>\n\t\t<meta property=\"og:image\" content=\"https:\/\/equilaw.be\/wp-content\/uploads\/2024\/12\/Group-60.svg\" \/>\n\t\t<meta property=\"og:image:secure_url\" content=\"https:\/\/equilaw.be\/wp-content\/uploads\/2024\/12\/Group-60.svg\" \/>\n\t\t<meta property=\"article:published_time\" content=\"2026-08-26T14:51:55+00:00\" \/>\n\t\t<meta property=\"article:modified_time\" content=\"2026-08-27T06:42:25+00:00\" \/>\n\t\t<meta name=\"twitter:card\" content=\"summary_large_image\" \/>\n\t\t<meta name=\"twitter:title\" content=\"EQUI auf der Women in Work (WIW) Conference in London - EQUI\" \/>\n\t\t<meta name=\"twitter:description\" content=\"Wir freuen uns, bekannt geben zu k\u00f6nnen, dass EQUI am 7. und 8. Oktober 2026 an der Women in Work Conference in London teilnehmen wird. Ma\u00eft\u00e9 Rowies und Marie Michaud-N\u00e9rard werden EQUI w\u00e4hrend zweier Tage vertreten, die inspirierenden Gespr\u00e4chen, neuen Perspektiven und einem bereichernden Austausch \u00fcber die sich wandelnde Arbeitswelt gewidmet sind. Die Konferenz bietet\" \/>\n\t\t<meta name=\"twitter:image\" content=\"https:\/\/equilaw.be\/wp-content\/uploads\/2024\/12\/Group-60.svg\" \/>\n\t\t<script type=\"application\/ld+json\" class=\"aioseo-schema\">\n\t\t\t{\"@context\":\"https:\\\/\\\/schema.org\",\"@graph\":[{\"@type\":\"BlogPosting\",\"@id\":\"https:\\\/\\\/equilaw.be\\\/de\\\/equi-at-the-women-in-work-wiw-conference-in-london\\\/#blogposting\",\"name\":\"EQUI auf der Women in Work (WIW) Conference in London - EQUI\",\"headline\":\"EQUI auf der Women in Work (WIW) Conference in London\",\"author\":{\"@id\":\"https:\\\/\\\/equilaw.be\\\/de\\\/author\\\/admin_equi\\\/#author\"},\"publisher\":{\"@id\":\"https:\\\/\\\/equilaw.be\\\/de\\\/#organization\"},\"image\":{\"@type\":\"ImageObject\",\"url\":\"https:\\\/\\\/equilaw.be\\\/wp-content\\\/uploads\\\/2025\\\/02\\\/Group-2.jpg\",\"width\":540,\"height\":693},\"datePublished\":\"2026-08-26T16:51:55+02:00\",\"dateModified\":\"2026-08-27T08:42:25+02:00\",\"inLanguage\":\"de-DE\",\"mainEntityOfPage\":{\"@id\":\"https:\\\/\\\/equilaw.be\\\/de\\\/equi-at-the-women-in-work-wiw-conference-in-london\\\/#webpage\"},\"isPartOf\":{\"@id\":\"https:\\\/\\\/equilaw.be\\\/de\\\/equi-at-the-women-in-work-wiw-conference-in-london\\\/#webpage\"},\"articleSection\":\"Nachrichten, Facultatif\"},{\"@type\":\"BreadcrumbList\",\"@id\":\"https:\\\/\\\/equilaw.be\\\/de\\\/equi-at-the-women-in-work-wiw-conference-in-london\\\/#breadcrumblist\",\"itemListElement\":[{\"@type\":\"ListItem\",\"@id\":\"https:\\\/\\\/equilaw.be\\\/de\\\/#listItem\",\"position\":1,\"name\":\"Home\",\"item\":\"https:\\\/\\\/equilaw.be\\\/de\\\/\",\"nextItem\":{\"@type\":\"ListItem\",\"@id\":\"https:\\\/\\\/equilaw.be\\\/de\\\/blog\\\/nachrichten\\\/#listItem\",\"name\":\"Nachrichten\"}},{\"@type\":\"ListItem\",\"@id\":\"https:\\\/\\\/equilaw.be\\\/de\\\/blog\\\/nachrichten\\\/#listItem\",\"position\":2,\"name\":\"Nachrichten\",\"item\":\"https:\\\/\\\/equilaw.be\\\/de\\\/blog\\\/nachrichten\\\/\",\"nextItem\":{\"@type\":\"ListItem\",\"@id\":\"https:\\\/\\\/equilaw.be\\\/de\\\/equi-at-the-women-in-work-wiw-conference-in-london\\\/#listItem\",\"name\":\"EQUI auf der Women in Work (WIW) Conference in London\"},\"previousItem\":{\"@type\":\"ListItem\",\"@id\":\"https:\\\/\\\/equilaw.be\\\/de\\\/#listItem\",\"name\":\"Home\"}},{\"@type\":\"ListItem\",\"@id\":\"https:\\\/\\\/equilaw.be\\\/de\\\/equi-at-the-women-in-work-wiw-conference-in-london\\\/#listItem\",\"position\":3,\"name\":\"EQUI auf der Women in Work (WIW) Conference in London\",\"previousItem\":{\"@type\":\"ListItem\",\"@id\":\"https:\\\/\\\/equilaw.be\\\/de\\\/blog\\\/nachrichten\\\/#listItem\",\"name\":\"Nachrichten\"}}]},{\"@type\":\"Organization\",\"@id\":\"https:\\\/\\\/equilaw.be\\\/de\\\/#organization\",\"name\":\"EQUI\",\"description\":\"Belgische Kanzlei f\\u00fcr Arbeitsrecht in Br\\u00fcssel\",\"url\":\"https:\\\/\\\/equilaw.be\\\/de\\\/\",\"logo\":{\"@type\":\"ImageObject\",\"url\":\"https:\\\/\\\/equilaw.be\\\/wp-content\\\/uploads\\\/2024\\\/12\\\/Group-60.svg\",\"@id\":\"https:\\\/\\\/equilaw.be\\\/de\\\/equi-at-the-women-in-work-wiw-conference-in-london\\\/#organizationLogo\",\"width\":75,\"height\":87},\"image\":{\"@id\":\"https:\\\/\\\/equilaw.be\\\/de\\\/equi-at-the-women-in-work-wiw-conference-in-london\\\/#organizationLogo\"}},{\"@type\":\"Person\",\"@id\":\"https:\\\/\\\/equilaw.be\\\/de\\\/author\\\/admin_equi\\\/#author\",\"url\":\"https:\\\/\\\/equilaw.be\\\/de\\\/author\\\/admin_equi\\\/\",\"name\":\"Equi\",\"image\":{\"@type\":\"ImageObject\",\"@id\":\"https:\\\/\\\/equilaw.be\\\/de\\\/equi-at-the-women-in-work-wiw-conference-in-london\\\/#authorImage\",\"url\":\"https:\\\/\\\/secure.gravatar.com\\\/avatar\\\/223cc144870bd81a9e913a2ada7b047b99a7560d3b31f0e56a5af965b7ca0a5e?s=96&d=mm&r=g\",\"width\":96,\"height\":96,\"caption\":\"Equi\"}},{\"@type\":\"WebPage\",\"@id\":\"https:\\\/\\\/equilaw.be\\\/de\\\/equi-at-the-women-in-work-wiw-conference-in-london\\\/#webpage\",\"url\":\"https:\\\/\\\/equilaw.be\\\/de\\\/equi-at-the-women-in-work-wiw-conference-in-london\\\/\",\"name\":\"EQUI auf der Women in Work (WIW) Conference in London - EQUI\",\"description\":\"Wir freuen uns, bekannt geben zu k\\u00f6nnen, dass EQUI am 7. und 8. Oktober 2026 an der Women in Work Conference in London teilnehmen wird. Ma\\u00eft\\u00e9 Rowies und Marie Michaud-N\\u00e9rard werden EQUI w\\u00e4hrend zweier Tage vertreten, die inspirierenden Gespr\\u00e4chen, neuen Perspektiven und einem bereichernden Austausch \\u00fcber die sich wandelnde Arbeitswelt gewidmet sind. Die Konferenz bietet\",\"inLanguage\":\"de-DE\",\"isPartOf\":{\"@id\":\"https:\\\/\\\/equilaw.be\\\/de\\\/#website\"},\"breadcrumb\":{\"@id\":\"https:\\\/\\\/equilaw.be\\\/de\\\/equi-at-the-women-in-work-wiw-conference-in-london\\\/#breadcrumblist\"},\"author\":{\"@id\":\"https:\\\/\\\/equilaw.be\\\/de\\\/author\\\/admin_equi\\\/#author\"},\"creator\":{\"@id\":\"https:\\\/\\\/equilaw.be\\\/de\\\/author\\\/admin_equi\\\/#author\"},\"image\":{\"@type\":\"ImageObject\",\"url\":\"https:\\\/\\\/equilaw.be\\\/wp-content\\\/uploads\\\/2025\\\/02\\\/Group-2.jpg\",\"@id\":\"https:\\\/\\\/equilaw.be\\\/de\\\/equi-at-the-women-in-work-wiw-conference-in-london\\\/#mainImage\",\"width\":540,\"height\":693},\"primaryImageOfPage\":{\"@id\":\"https:\\\/\\\/equilaw.be\\\/de\\\/equi-at-the-women-in-work-wiw-conference-in-london\\\/#mainImage\"},\"datePublished\":\"2026-08-26T16:51:55+02:00\",\"dateModified\":\"2026-08-27T08:42:25+02:00\"},{\"@type\":\"WebSite\",\"@id\":\"https:\\\/\\\/equilaw.be\\\/de\\\/#website\",\"url\":\"https:\\\/\\\/equilaw.be\\\/de\\\/\",\"name\":\"EQUI\",\"description\":\"Belgische Kanzlei f\\u00fcr Arbeitsrecht in Br\\u00fcssel\",\"inLanguage\":\"de-DE\",\"publisher\":{\"@id\":\"https:\\\/\\\/equilaw.be\\\/de\\\/#organization\"}}]}\n\t\t<\/script>\n\t\t<!-- All in One SEO -->\n\n","aioseo_head_json":{"title":"EQUI auf der Women in Work (WIW) Conference in London - EQUI","description":"Wir freuen uns, bekannt geben zu k\u00f6nnen, dass EQUI am 7. und 8. Oktober 2026 an der Women in Work Conference in London teilnehmen wird. Ma\u00eft\u00e9 Rowies und Marie Michaud-N\u00e9rard werden EQUI w\u00e4hrend zweier Tage vertreten, die inspirierenden Gespr\u00e4chen, neuen Perspektiven und einem bereichernden Austausch \u00fcber die sich wandelnde Arbeitswelt gewidmet sind. Die Konferenz bietet","canonical_url":"https:\/\/equilaw.be\/de\/equi-at-the-women-in-work-wiw-conference-in-london\/","robots":"max-image-preview:large","keywords":"","webmasterTools":{"miscellaneous":""},"schema":{"@context":"https:\/\/schema.org","@graph":[{"@type":"BlogPosting","@id":"https:\/\/equilaw.be\/de\/equi-at-the-women-in-work-wiw-conference-in-london\/#blogposting","name":"EQUI auf der Women in Work (WIW) Conference in London - EQUI","headline":"EQUI auf der Women in Work (WIW) Conference in London","author":{"@id":"https:\/\/equilaw.be\/de\/author\/admin_equi\/#author"},"publisher":{"@id":"https:\/\/equilaw.be\/de\/#organization"},"image":{"@type":"ImageObject","url":"https:\/\/equilaw.be\/wp-content\/uploads\/2025\/02\/Group-2.jpg","width":540,"height":693},"datePublished":"2026-08-26T16:51:55+02:00","dateModified":"2026-08-27T08:42:25+02:00","inLanguage":"de-DE","mainEntityOfPage":{"@id":"https:\/\/equilaw.be\/de\/equi-at-the-women-in-work-wiw-conference-in-london\/#webpage"},"isPartOf":{"@id":"https:\/\/equilaw.be\/de\/equi-at-the-women-in-work-wiw-conference-in-london\/#webpage"},"articleSection":"Nachrichten, Facultatif"},{"@type":"BreadcrumbList","@id":"https:\/\/equilaw.be\/de\/equi-at-the-women-in-work-wiw-conference-in-london\/#breadcrumblist","itemListElement":[{"@type":"ListItem","@id":"https:\/\/equilaw.be\/de\/#listItem","position":1,"name":"Home","item":"https:\/\/equilaw.be\/de\/","nextItem":{"@type":"ListItem","@id":"https:\/\/equilaw.be\/de\/blog\/nachrichten\/#listItem","name":"Nachrichten"}},{"@type":"ListItem","@id":"https:\/\/equilaw.be\/de\/blog\/nachrichten\/#listItem","position":2,"name":"Nachrichten","item":"https:\/\/equilaw.be\/de\/blog\/nachrichten\/","nextItem":{"@type":"ListItem","@id":"https:\/\/equilaw.be\/de\/equi-at-the-women-in-work-wiw-conference-in-london\/#listItem","name":"EQUI auf der Women in Work (WIW) Conference in London"},"previousItem":{"@type":"ListItem","@id":"https:\/\/equilaw.be\/de\/#listItem","name":"Home"}},{"@type":"ListItem","@id":"https:\/\/equilaw.be\/de\/equi-at-the-women-in-work-wiw-conference-in-london\/#listItem","position":3,"name":"EQUI auf der Women in Work (WIW) Conference in London","previousItem":{"@type":"ListItem","@id":"https:\/\/equilaw.be\/de\/blog\/nachrichten\/#listItem","name":"Nachrichten"}}]},{"@type":"Organization","@id":"https:\/\/equilaw.be\/de\/#organization","name":"EQUI","description":"Belgische Kanzlei f\u00fcr Arbeitsrecht in Br\u00fcssel","url":"https:\/\/equilaw.be\/de\/","logo":{"@type":"ImageObject","url":"https:\/\/equilaw.be\/wp-content\/uploads\/2024\/12\/Group-60.svg","@id":"https:\/\/equilaw.be\/de\/equi-at-the-women-in-work-wiw-conference-in-london\/#organizationLogo","width":75,"height":87},"image":{"@id":"https:\/\/equilaw.be\/de\/equi-at-the-women-in-work-wiw-conference-in-london\/#organizationLogo"}},{"@type":"Person","@id":"https:\/\/equilaw.be\/de\/author\/admin_equi\/#author","url":"https:\/\/equilaw.be\/de\/author\/admin_equi\/","name":"Equi","image":{"@type":"ImageObject","@id":"https:\/\/equilaw.be\/de\/equi-at-the-women-in-work-wiw-conference-in-london\/#authorImage","url":"https:\/\/secure.gravatar.com\/avatar\/223cc144870bd81a9e913a2ada7b047b99a7560d3b31f0e56a5af965b7ca0a5e?s=96&d=mm&r=g","width":96,"height":96,"caption":"Equi"}},{"@type":"WebPage","@id":"https:\/\/equilaw.be\/de\/equi-at-the-women-in-work-wiw-conference-in-london\/#webpage","url":"https:\/\/equilaw.be\/de\/equi-at-the-women-in-work-wiw-conference-in-london\/","name":"EQUI auf der Women in Work (WIW) Conference in London - EQUI","description":"Wir freuen uns, bekannt geben zu k\u00f6nnen, dass EQUI am 7. und 8. Oktober 2026 an der Women in Work Conference in London teilnehmen wird. Ma\u00eft\u00e9 Rowies und Marie Michaud-N\u00e9rard werden EQUI w\u00e4hrend zweier Tage vertreten, die inspirierenden Gespr\u00e4chen, neuen Perspektiven und einem bereichernden Austausch \u00fcber die sich wandelnde Arbeitswelt gewidmet sind. Die Konferenz bietet","inLanguage":"de-DE","isPartOf":{"@id":"https:\/\/equilaw.be\/de\/#website"},"breadcrumb":{"@id":"https:\/\/equilaw.be\/de\/equi-at-the-women-in-work-wiw-conference-in-london\/#breadcrumblist"},"author":{"@id":"https:\/\/equilaw.be\/de\/author\/admin_equi\/#author"},"creator":{"@id":"https:\/\/equilaw.be\/de\/author\/admin_equi\/#author"},"image":{"@type":"ImageObject","url":"https:\/\/equilaw.be\/wp-content\/uploads\/2025\/02\/Group-2.jpg","@id":"https:\/\/equilaw.be\/de\/equi-at-the-women-in-work-wiw-conference-in-london\/#mainImage","width":540,"height":693},"primaryImageOfPage":{"@id":"https:\/\/equilaw.be\/de\/equi-at-the-women-in-work-wiw-conference-in-london\/#mainImage"},"datePublished":"2026-08-26T16:51:55+02:00","dateModified":"2026-08-27T08:42:25+02:00"},{"@type":"WebSite","@id":"https:\/\/equilaw.be\/de\/#website","url":"https:\/\/equilaw.be\/de\/","name":"EQUI","description":"Belgische Kanzlei f\u00fcr Arbeitsrecht in Br\u00fcssel","inLanguage":"de-DE","publisher":{"@id":"https:\/\/equilaw.be\/de\/#organization"}}]},"og:locale":"de_DE","og:site_name":"EQUI - Belgische Kanzlei f\u00fcr Arbeitsrecht in Br\u00fcssel","og:type":"article","og:title":"EQUI auf der Women in Work (WIW) Conference in London - EQUI","og:description":"Wir freuen uns, bekannt geben zu k\u00f6nnen, dass EQUI am 7. und 8. Oktober 2026 an der Women in Work Conference in London teilnehmen wird. Ma\u00eft\u00e9 Rowies und Marie Michaud-N\u00e9rard werden EQUI w\u00e4hrend zweier Tage vertreten, die inspirierenden Gespr\u00e4chen, neuen Perspektiven und einem bereichernden Austausch \u00fcber die sich wandelnde Arbeitswelt gewidmet sind. Die Konferenz bietet","og:url":"https:\/\/equilaw.be\/de\/equi-at-the-women-in-work-wiw-conference-in-london\/","og:image":"https:\/\/equilaw.be\/wp-content\/uploads\/2024\/12\/Group-60.svg","og:image:secure_url":"https:\/\/equilaw.be\/wp-content\/uploads\/2024\/12\/Group-60.svg","article:published_time":"2026-08-26T14:51:55+00:00","article:modified_time":"2026-08-27T06:42:25+00:00","twitter:card":"summary_large_image","twitter:title":"EQUI auf der Women in Work (WIW) Conference in London - EQUI","twitter:description":"Wir freuen uns, bekannt geben zu k\u00f6nnen, dass EQUI am 7. und 8. Oktober 2026 an der Women in Work Conference in London teilnehmen wird. Ma\u00eft\u00e9 Rowies und Marie Michaud-N\u00e9rard werden EQUI w\u00e4hrend zweier Tage vertreten, die inspirierenden Gespr\u00e4chen, neuen Perspektiven und einem bereichernden Austausch \u00fcber die sich wandelnde Arbeitswelt gewidmet sind. Die Konferenz bietet","twitter:image":"https:\/\/equilaw.be\/wp-content\/uploads\/2024\/12\/Group-60.svg"},"aioseo_meta_data":{"post_id":"1896","title":null,"description":null,"keywords":null,"keyphrases":{"focus":{"keyphrase":"","score":0,"analysis":{"keyphraseInTitle":{"score":0,"maxScore":9,"error":1}}},"additional":[]},"primary_term":null,"canonical_url":null,"og_title":null,"og_description":null,"og_object_type":"default","og_image_type":"default","og_image_url":null,"og_image_width":null,"og_image_height":null,"og_image_custom_url":null,"og_image_custom_fields":null,"og_video":"","og_custom_url":null,"og_article_section":null,"og_article_tags":null,"twitter_use_og":false,"twitter_card":"default","twitter_image_type":"default","twitter_image_url":null,"twitter_image_custom_url":null,"twitter_image_custom_fields":null,"twitter_title":null,"twitter_description":null,"schema":{"blockGraphs":[],"customGraphs":[],"default":{"data":{"Article":[],"Course":[],"Dataset":[],"FAQPage":[],"Movie":[],"Person":[],"Product":[],"ProductReview":[],"Car":[],"Recipe":[],"Service":[],"SoftwareApplication":[],"WebPage":[]},"graphName":"BlogPosting","isEnabled":true},"graphs":[]},"schema_type":"default","schema_type_options":null,"pillar_content":false,"robots_default":true,"robots_noindex":false,"robots_noarchive":false,"robots_nosnippet":false,"robots_nofollow":false,"robots_noimageindex":false,"robots_noodp":false,"robots_notranslate":false,"robots_max_snippet":"-1","robots_max_videopreview":"-1","robots_max_imagepreview":"large","priority":null,"frequency":"default","local_seo":null,"breadcrumb_settings":null,"limit_modified_date":false,"ai":{"faqs":[],"keyPoints":[],"schemas":[],"titles":[],"descriptions":[],"socialPosts":{"email":{"subject":"","preview":"","content":""},"linkedin":[],"twitter":[],"facebook":[],"instagram":[]}},"created":"2026-08-26 20:44:48","updated":"2026-08-27 12:52:49","seo_analyzer_scan_date":null,"focus_keyword":null,"additional_keywords":null,"truseo_locale":null},"aioseo_breadcrumb":"<div class=\"aioseo-breadcrumbs\"><span class=\"aioseo-breadcrumb\">\n\t\t\t<a href=\"https:\/\/equilaw.be\/de\/\" title=\"Home\">Home<\/a>\n\t\t<\/span><span class=\"aioseo-breadcrumb-separator\">&raquo;<\/span><span class=\"aioseo-breadcrumb\">\n\t\t\t<a href=\"https:\/\/equilaw.be\/de\/blog\/nachrichten\/\" title=\"Nachrichten\">Nachrichten<\/a>\n\t\t<\/span><span class=\"aioseo-breadcrumb-separator\">&raquo;<\/span><span class=\"aioseo-breadcrumb\">\n\t\t\tEQUI auf der Women in Work (WIW) Conference in London\n\t\t<\/span><\/div>","aioseo_breadcrumb_json":[{"label":"Home","link":"https:\/\/equilaw.be\/de\/"},{"label":"Nachrichten","link":"https:\/\/equilaw.be\/de\/blog\/nachrichten\/"},{"label":"EQUI auf der Women in Work (WIW) Conference in London","link":"https:\/\/equilaw.be\/de\/equi-at-the-women-in-work-wiw-conference-in-london\/"}],"_links":{"self":[{"href":"https:\/\/equilaw.be\/de\/wp-json\/wp\/v2\/posts\/1896","targetHints":{"allow":["GET"]}}],"collection":[{"href":"https:\/\/equilaw.be\/de\/wp-json\/wp\/v2\/posts"}],"about":[{"href":"https:\/\/equilaw.be\/de\/wp-json\/wp\/v2\/types\/post"}],"author":[{"embeddable":true,"href":"https:\/\/equilaw.be\/de\/wp-json\/wp\/v2\/users\/2"}],"replies":[{"embeddable":true,"href":"https:\/\/equilaw.be\/de\/wp-json\/wp\/v2\/comments?post=1896"}],"version-history":[{"count":1,"href":"https:\/\/equilaw.be\/de\/wp-json\/wp\/v2\/posts\/1896\/revisions"}],"predecessor-version":[{"id":1900,"href":"https:\/\/equilaw.be\/de\/wp-json\/wp\/v2\/posts\/1896\/revisions\/1900"}],"wp:featuredmedia":[{"embeddable":true,"href":"https:\/\/equilaw.be\/de\/wp-json\/wp\/v2\/media\/695"}],"wp:attachment":[{"href":"https:\/\/equilaw.be\/de\/wp-json\/wp\/v2\/media?parent=1896"}],"wp:term":[{"taxonomy":"category","embeddable":true,"href":"https:\/\/equilaw.be\/de\/wp-json\/wp\/v2\/categories?post=1896"},{"taxonomy":"post_tag","embeddable":true,"href":"https:\/\/equilaw.be\/de\/wp-json\/wp\/v2\/tags?post=1896"}],"curies":[{"name":"wp","href":"https:\/\/api.w.org\/{rel}","templated":true}]}}