{"id":1879,"date":"2026-08-18T14:52:21","date_gmt":"2026-08-18T12:52:21","guid":{"rendered":"https:\/\/equilaw.be\/equi-at-the-summer-universities-of-the-french-speaking-bar-associations-of-belgium\/"},"modified":"2026-08-18T14:59:35","modified_gmt":"2026-08-18T12:59:35","slug":"equi-at-the-summer-universities-of-the-french-speaking-bar-associations-of-belgium","status":"publish","type":"post","link":"https:\/\/equilaw.be\/de\/equi-at-the-summer-universities-of-the-french-speaking-bar-associations-of-belgium\/","title":{"rendered":"EQUI bei den Sommeruniversit\u00e4ten der franz\u00f6sischsprachigen Anwaltskammern Belgiens"},"content":{"rendered":"\n<div class=\"wp-block-group\"><div class=\"wp-block-group__inner-container is-layout-constrained wp-block-group-is-layout-constrained\">\n<p class=\"wp-block-paragraph\">EQUI freut sich, am 18. und 19. August 2026 an den Sommeruniversit\u00e4ten der franz\u00f6sischsprachigen Anwaltskammern Belgiens teilzunehmen!<\/p>\n\n\n\n<p class=\"wp-block-paragraph\">Unser gesamtes Team wird vor Ort sein und freut sich auf die Gelegenheit, an spezialisierten Fortbildungen teilzunehmen, Kolleginnen und Kollegen aus der Rechtswelt zu treffen und bestehende Kontakte im Vorfeld des neuen Gerichtsjahres wieder aufzufrischen. \ud83c\udf1f<\/p>\n\n\n\n<p class=\"wp-block-paragraph\">Wir sehen uns im Ch\u00e2teau de Courri\u00e8re! \ud83d\udca5<\/p>\n<\/div><\/div>\n\n\n\n<p class=\"wp-block-paragraph\"><\/p>\n","protected":false},"excerpt":{"rendered":"<p>EQUI freut sich, am 18. und 19. August 2026 an den Sommeruniversit\u00e4ten der franz\u00f6sischsprachigen Anwaltskammern Belgiens teilzunehmen! Unser gesamtes Team&#8230;<\/p>\n","protected":false},"author":2,"featured_media":843,"comment_status":"open","ping_status":"closed","sticky":false,"template":"","format":"standard","meta":{"_acf_changed":false,"inline_featured_image":false,"footnotes":""},"categories":[83],"tags":[],"class_list":["post-1879","post","type-post","status-publish","format-standard","has-post-thumbnail","hentry","category-veranstaltungen"],"acf":[],"aioseo_notices":[],"aioseo_head":"\n\t\t<!-- All in One SEO 5.0.0.1 - aioseo.com -->\n\t<meta name=\"description\" content=\"EQUI freut sich, am 18. und 19. August 2026 an den Sommeruniversit\u00e4ten der franz\u00f6sischsprachigen Anwaltskammern Belgiens teilzunehmen! Unser gesamtes Team wird vor Ort sein und freut sich auf die Gelegenheit, an spezialisierten Fortbildungen teilzunehmen, Kolleginnen und Kollegen aus der Rechtswelt zu treffen und bestehende Kontakte im Vorfeld des neuen Gerichtsjahres wieder aufzufrischen. \ud83c\udf1f Wir sehen\" \/>\n\t<meta name=\"robots\" content=\"max-image-preview:large\" \/>\n\t<meta name=\"author\" content=\"Equi\"\/>\n\t<link rel=\"canonical\" href=\"https:\/\/equilaw.be\/de\/equi-at-the-summer-universities-of-the-french-speaking-bar-associations-of-belgium\/\" \/>\n\t<meta name=\"generator\" content=\"All in One SEO (AIOSEO) 5.0.0.1\" \/>\n\t\t<meta property=\"og:locale\" content=\"de_DE\" \/>\n\t\t<meta property=\"og:site_name\" content=\"EQUI - Belgische Kanzlei f\u00fcr Arbeitsrecht in Br\u00fcssel\" \/>\n\t\t<meta property=\"og:type\" content=\"article\" \/>\n\t\t<meta property=\"og:title\" content=\"EQUI bei den Sommeruniversit\u00e4ten der franz\u00f6sischsprachigen Anwaltskammern Belgiens - EQUI\" \/>\n\t\t<meta property=\"og:description\" content=\"EQUI freut sich, am 18. und 19. August 2026 an den Sommeruniversit\u00e4ten der franz\u00f6sischsprachigen Anwaltskammern Belgiens teilzunehmen! Unser gesamtes Team wird vor Ort sein und freut sich auf die Gelegenheit, an spezialisierten Fortbildungen teilzunehmen, Kolleginnen und Kollegen aus der Rechtswelt zu treffen und bestehende Kontakte im Vorfeld des neuen Gerichtsjahres wieder aufzufrischen. \ud83c\udf1f Wir sehen\" \/>\n\t\t<meta property=\"og:url\" content=\"https:\/\/equilaw.be\/de\/equi-at-the-summer-universities-of-the-french-speaking-bar-associations-of-belgium\/\" \/>\n\t\t<meta property=\"og:image\" content=\"https:\/\/equilaw.be\/wp-content\/uploads\/2024\/12\/Group-60.svg\" \/>\n\t\t<meta property=\"og:image:secure_url\" content=\"https:\/\/equilaw.be\/wp-content\/uploads\/2024\/12\/Group-60.svg\" \/>\n\t\t<meta property=\"article:published_time\" content=\"2026-08-18T12:52:21+00:00\" \/>\n\t\t<meta property=\"article:modified_time\" content=\"2026-08-18T12:59:35+00:00\" \/>\n\t\t<meta name=\"twitter:card\" content=\"summary_large_image\" \/>\n\t\t<meta name=\"twitter:title\" content=\"EQUI bei den Sommeruniversit\u00e4ten der franz\u00f6sischsprachigen Anwaltskammern Belgiens - EQUI\" \/>\n\t\t<meta name=\"twitter:description\" content=\"EQUI freut sich, am 18. und 19. August 2026 an den Sommeruniversit\u00e4ten der franz\u00f6sischsprachigen Anwaltskammern Belgiens teilzunehmen! Unser gesamtes Team wird vor Ort sein und freut sich auf die Gelegenheit, an spezialisierten Fortbildungen teilzunehmen, Kolleginnen und Kollegen aus der Rechtswelt zu treffen und bestehende Kontakte im Vorfeld des neuen Gerichtsjahres wieder aufzufrischen. \ud83c\udf1f Wir sehen\" \/>\n\t\t<meta name=\"twitter:image\" content=\"https:\/\/equilaw.be\/wp-content\/uploads\/2024\/12\/Group-60.svg\" \/>\n\t\t<script type=\"application\/ld+json\" class=\"aioseo-schema\">\n\t\t\t{\"@context\":\"https:\\\/\\\/schema.org\",\"@graph\":[{\"@type\":\"BlogPosting\",\"@id\":\"https:\\\/\\\/equilaw.be\\\/de\\\/equi-at-the-summer-universities-of-the-french-speaking-bar-associations-of-belgium\\\/#blogposting\",\"name\":\"EQUI bei den Sommeruniversit\\u00e4ten der franz\\u00f6sischsprachigen Anwaltskammern Belgiens - EQUI\",\"headline\":\"EQUI bei den Sommeruniversit\\u00e4ten der franz\\u00f6sischsprachigen Anwaltskammern Belgiens\",\"author\":{\"@id\":\"https:\\\/\\\/equilaw.be\\\/de\\\/author\\\/admin_equi\\\/#author\"},\"publisher\":{\"@id\":\"https:\\\/\\\/equilaw.be\\\/de\\\/#organization\"},\"image\":{\"@type\":\"ImageObject\",\"url\":\"https:\\\/\\\/equilaw.be\\\/wp-content\\\/uploads\\\/2025\\\/02\\\/Rectangle-144-5.jpg\",\"width\":434,\"height\":564},\"datePublished\":\"2026-08-18T14:52:21+02:00\",\"dateModified\":\"2026-08-18T14:59:35+02:00\",\"inLanguage\":\"de-DE\",\"mainEntityOfPage\":{\"@id\":\"https:\\\/\\\/equilaw.be\\\/de\\\/equi-at-the-summer-universities-of-the-french-speaking-bar-associations-of-belgium\\\/#webpage\"},\"isPartOf\":{\"@id\":\"https:\\\/\\\/equilaw.be\\\/de\\\/equi-at-the-summer-universities-of-the-french-speaking-bar-associations-of-belgium\\\/#webpage\"},\"articleSection\":\"Veranstaltungen, Facultatif\"},{\"@type\":\"BreadcrumbList\",\"@id\":\"https:\\\/\\\/equilaw.be\\\/de\\\/equi-at-the-summer-universities-of-the-french-speaking-bar-associations-of-belgium\\\/#breadcrumblist\",\"itemListElement\":[{\"@type\":\"ListItem\",\"@id\":\"https:\\\/\\\/equilaw.be\\\/de\\\/#listItem\",\"position\":1,\"name\":\"Home\",\"item\":\"https:\\\/\\\/equilaw.be\\\/de\\\/\",\"nextItem\":{\"@type\":\"ListItem\",\"@id\":\"https:\\\/\\\/equilaw.be\\\/de\\\/blog\\\/veranstaltungen\\\/#listItem\",\"name\":\"Veranstaltungen\"}},{\"@type\":\"ListItem\",\"@id\":\"https:\\\/\\\/equilaw.be\\\/de\\\/blog\\\/veranstaltungen\\\/#listItem\",\"position\":2,\"name\":\"Veranstaltungen\",\"item\":\"https:\\\/\\\/equilaw.be\\\/de\\\/blog\\\/veranstaltungen\\\/\",\"nextItem\":{\"@type\":\"ListItem\",\"@id\":\"https:\\\/\\\/equilaw.be\\\/de\\\/equi-at-the-summer-universities-of-the-french-speaking-bar-associations-of-belgium\\\/#listItem\",\"name\":\"EQUI bei den Sommeruniversit\\u00e4ten der franz\\u00f6sischsprachigen Anwaltskammern Belgiens\"},\"previousItem\":{\"@type\":\"ListItem\",\"@id\":\"https:\\\/\\\/equilaw.be\\\/de\\\/#listItem\",\"name\":\"Home\"}},{\"@type\":\"ListItem\",\"@id\":\"https:\\\/\\\/equilaw.be\\\/de\\\/equi-at-the-summer-universities-of-the-french-speaking-bar-associations-of-belgium\\\/#listItem\",\"position\":3,\"name\":\"EQUI bei den Sommeruniversit\\u00e4ten der franz\\u00f6sischsprachigen Anwaltskammern Belgiens\",\"previousItem\":{\"@type\":\"ListItem\",\"@id\":\"https:\\\/\\\/equilaw.be\\\/de\\\/blog\\\/veranstaltungen\\\/#listItem\",\"name\":\"Veranstaltungen\"}}]},{\"@type\":\"Organization\",\"@id\":\"https:\\\/\\\/equilaw.be\\\/de\\\/#organization\",\"name\":\"EQUI\",\"description\":\"Belgische Kanzlei f\\u00fcr Arbeitsrecht in Br\\u00fcssel\",\"url\":\"https:\\\/\\\/equilaw.be\\\/de\\\/\",\"logo\":{\"@type\":\"ImageObject\",\"url\":\"https:\\\/\\\/equilaw.be\\\/wp-content\\\/uploads\\\/2024\\\/12\\\/Group-60.svg\",\"@id\":\"https:\\\/\\\/equilaw.be\\\/de\\\/equi-at-the-summer-universities-of-the-french-speaking-bar-associations-of-belgium\\\/#organizationLogo\",\"width\":75,\"height\":87},\"image\":{\"@id\":\"https:\\\/\\\/equilaw.be\\\/de\\\/equi-at-the-summer-universities-of-the-french-speaking-bar-associations-of-belgium\\\/#organizationLogo\"}},{\"@type\":\"Person\",\"@id\":\"https:\\\/\\\/equilaw.be\\\/de\\\/author\\\/admin_equi\\\/#author\",\"url\":\"https:\\\/\\\/equilaw.be\\\/de\\\/author\\\/admin_equi\\\/\",\"name\":\"Equi\",\"image\":{\"@type\":\"ImageObject\",\"@id\":\"https:\\\/\\\/equilaw.be\\\/de\\\/equi-at-the-summer-universities-of-the-french-speaking-bar-associations-of-belgium\\\/#authorImage\",\"url\":\"https:\\\/\\\/secure.gravatar.com\\\/avatar\\\/223cc144870bd81a9e913a2ada7b047b99a7560d3b31f0e56a5af965b7ca0a5e?s=96&d=mm&r=g\",\"width\":96,\"height\":96,\"caption\":\"Equi\"}},{\"@type\":\"WebPage\",\"@id\":\"https:\\\/\\\/equilaw.be\\\/de\\\/equi-at-the-summer-universities-of-the-french-speaking-bar-associations-of-belgium\\\/#webpage\",\"url\":\"https:\\\/\\\/equilaw.be\\\/de\\\/equi-at-the-summer-universities-of-the-french-speaking-bar-associations-of-belgium\\\/\",\"name\":\"EQUI bei den Sommeruniversit\\u00e4ten der franz\\u00f6sischsprachigen Anwaltskammern Belgiens - EQUI\",\"description\":\"EQUI freut sich, am 18. und 19. August 2026 an den Sommeruniversit\\u00e4ten der franz\\u00f6sischsprachigen Anwaltskammern Belgiens teilzunehmen! Unser gesamtes Team wird vor Ort sein und freut sich auf die Gelegenheit, an spezialisierten Fortbildungen teilzunehmen, Kolleginnen und Kollegen aus der Rechtswelt zu treffen und bestehende Kontakte im Vorfeld des neuen Gerichtsjahres wieder aufzufrischen. \\ud83c\\udf1f Wir sehen\",\"inLanguage\":\"de-DE\",\"isPartOf\":{\"@id\":\"https:\\\/\\\/equilaw.be\\\/de\\\/#website\"},\"breadcrumb\":{\"@id\":\"https:\\\/\\\/equilaw.be\\\/de\\\/equi-at-the-summer-universities-of-the-french-speaking-bar-associations-of-belgium\\\/#breadcrumblist\"},\"author\":{\"@id\":\"https:\\\/\\\/equilaw.be\\\/de\\\/author\\\/admin_equi\\\/#author\"},\"creator\":{\"@id\":\"https:\\\/\\\/equilaw.be\\\/de\\\/author\\\/admin_equi\\\/#author\"},\"image\":{\"@type\":\"ImageObject\",\"url\":\"https:\\\/\\\/equilaw.be\\\/wp-content\\\/uploads\\\/2025\\\/02\\\/Rectangle-144-5.jpg\",\"@id\":\"https:\\\/\\\/equilaw.be\\\/de\\\/equi-at-the-summer-universities-of-the-french-speaking-bar-associations-of-belgium\\\/#mainImage\",\"width\":434,\"height\":564},\"primaryImageOfPage\":{\"@id\":\"https:\\\/\\\/equilaw.be\\\/de\\\/equi-at-the-summer-universities-of-the-french-speaking-bar-associations-of-belgium\\\/#mainImage\"},\"datePublished\":\"2026-08-18T14:52:21+02:00\",\"dateModified\":\"2026-08-18T14:59:35+02:00\"},{\"@type\":\"WebSite\",\"@id\":\"https:\\\/\\\/equilaw.be\\\/de\\\/#website\",\"url\":\"https:\\\/\\\/equilaw.be\\\/de\\\/\",\"name\":\"EQUI\",\"description\":\"Belgische Kanzlei f\\u00fcr Arbeitsrecht in Br\\u00fcssel\",\"inLanguage\":\"de-DE\",\"publisher\":{\"@id\":\"https:\\\/\\\/equilaw.be\\\/de\\\/#organization\"}}]}\n\t\t<\/script>\n\t\t<!-- All in One SEO -->\n\n","aioseo_head_json":{"title":"EQUI bei den Sommeruniversit\u00e4ten der franz\u00f6sischsprachigen Anwaltskammern Belgiens - EQUI","description":"EQUI freut sich, am 18. und 19. August 2026 an den Sommeruniversit\u00e4ten der franz\u00f6sischsprachigen Anwaltskammern Belgiens teilzunehmen! Unser gesamtes Team wird vor Ort sein und freut sich auf die Gelegenheit, an spezialisierten Fortbildungen teilzunehmen, Kolleginnen und Kollegen aus der Rechtswelt zu treffen und bestehende Kontakte im Vorfeld des neuen Gerichtsjahres wieder aufzufrischen. \ud83c\udf1f Wir sehen","canonical_url":"https:\/\/equilaw.be\/de\/equi-at-the-summer-universities-of-the-french-speaking-bar-associations-of-belgium\/","robots":"max-image-preview:large","keywords":"","webmasterTools":{"miscellaneous":""},"schema":{"@context":"https:\/\/schema.org","@graph":[{"@type":"BlogPosting","@id":"https:\/\/equilaw.be\/de\/equi-at-the-summer-universities-of-the-french-speaking-bar-associations-of-belgium\/#blogposting","name":"EQUI bei den Sommeruniversit\u00e4ten der franz\u00f6sischsprachigen Anwaltskammern Belgiens - EQUI","headline":"EQUI bei den Sommeruniversit\u00e4ten der franz\u00f6sischsprachigen Anwaltskammern Belgiens","author":{"@id":"https:\/\/equilaw.be\/de\/author\/admin_equi\/#author"},"publisher":{"@id":"https:\/\/equilaw.be\/de\/#organization"},"image":{"@type":"ImageObject","url":"https:\/\/equilaw.be\/wp-content\/uploads\/2025\/02\/Rectangle-144-5.jpg","width":434,"height":564},"datePublished":"2026-08-18T14:52:21+02:00","dateModified":"2026-08-18T14:59:35+02:00","inLanguage":"de-DE","mainEntityOfPage":{"@id":"https:\/\/equilaw.be\/de\/equi-at-the-summer-universities-of-the-french-speaking-bar-associations-of-belgium\/#webpage"},"isPartOf":{"@id":"https:\/\/equilaw.be\/de\/equi-at-the-summer-universities-of-the-french-speaking-bar-associations-of-belgium\/#webpage"},"articleSection":"Veranstaltungen, Facultatif"},{"@type":"BreadcrumbList","@id":"https:\/\/equilaw.be\/de\/equi-at-the-summer-universities-of-the-french-speaking-bar-associations-of-belgium\/#breadcrumblist","itemListElement":[{"@type":"ListItem","@id":"https:\/\/equilaw.be\/de\/#listItem","position":1,"name":"Home","item":"https:\/\/equilaw.be\/de\/","nextItem":{"@type":"ListItem","@id":"https:\/\/equilaw.be\/de\/blog\/veranstaltungen\/#listItem","name":"Veranstaltungen"}},{"@type":"ListItem","@id":"https:\/\/equilaw.be\/de\/blog\/veranstaltungen\/#listItem","position":2,"name":"Veranstaltungen","item":"https:\/\/equilaw.be\/de\/blog\/veranstaltungen\/","nextItem":{"@type":"ListItem","@id":"https:\/\/equilaw.be\/de\/equi-at-the-summer-universities-of-the-french-speaking-bar-associations-of-belgium\/#listItem","name":"EQUI bei den Sommeruniversit\u00e4ten der franz\u00f6sischsprachigen Anwaltskammern Belgiens"},"previousItem":{"@type":"ListItem","@id":"https:\/\/equilaw.be\/de\/#listItem","name":"Home"}},{"@type":"ListItem","@id":"https:\/\/equilaw.be\/de\/equi-at-the-summer-universities-of-the-french-speaking-bar-associations-of-belgium\/#listItem","position":3,"name":"EQUI bei den Sommeruniversit\u00e4ten der franz\u00f6sischsprachigen Anwaltskammern Belgiens","previousItem":{"@type":"ListItem","@id":"https:\/\/equilaw.be\/de\/blog\/veranstaltungen\/#listItem","name":"Veranstaltungen"}}]},{"@type":"Organization","@id":"https:\/\/equilaw.be\/de\/#organization","name":"EQUI","description":"Belgische Kanzlei f\u00fcr Arbeitsrecht in Br\u00fcssel","url":"https:\/\/equilaw.be\/de\/","logo":{"@type":"ImageObject","url":"https:\/\/equilaw.be\/wp-content\/uploads\/2024\/12\/Group-60.svg","@id":"https:\/\/equilaw.be\/de\/equi-at-the-summer-universities-of-the-french-speaking-bar-associations-of-belgium\/#organizationLogo","width":75,"height":87},"image":{"@id":"https:\/\/equilaw.be\/de\/equi-at-the-summer-universities-of-the-french-speaking-bar-associations-of-belgium\/#organizationLogo"}},{"@type":"Person","@id":"https:\/\/equilaw.be\/de\/author\/admin_equi\/#author","url":"https:\/\/equilaw.be\/de\/author\/admin_equi\/","name":"Equi","image":{"@type":"ImageObject","@id":"https:\/\/equilaw.be\/de\/equi-at-the-summer-universities-of-the-french-speaking-bar-associations-of-belgium\/#authorImage","url":"https:\/\/secure.gravatar.com\/avatar\/223cc144870bd81a9e913a2ada7b047b99a7560d3b31f0e56a5af965b7ca0a5e?s=96&d=mm&r=g","width":96,"height":96,"caption":"Equi"}},{"@type":"WebPage","@id":"https:\/\/equilaw.be\/de\/equi-at-the-summer-universities-of-the-french-speaking-bar-associations-of-belgium\/#webpage","url":"https:\/\/equilaw.be\/de\/equi-at-the-summer-universities-of-the-french-speaking-bar-associations-of-belgium\/","name":"EQUI bei den Sommeruniversit\u00e4ten der franz\u00f6sischsprachigen Anwaltskammern Belgiens - EQUI","description":"EQUI freut sich, am 18. und 19. August 2026 an den Sommeruniversit\u00e4ten der franz\u00f6sischsprachigen Anwaltskammern Belgiens teilzunehmen! Unser gesamtes Team wird vor Ort sein und freut sich auf die Gelegenheit, an spezialisierten Fortbildungen teilzunehmen, Kolleginnen und Kollegen aus der Rechtswelt zu treffen und bestehende Kontakte im Vorfeld des neuen Gerichtsjahres wieder aufzufrischen. \ud83c\udf1f Wir sehen","inLanguage":"de-DE","isPartOf":{"@id":"https:\/\/equilaw.be\/de\/#website"},"breadcrumb":{"@id":"https:\/\/equilaw.be\/de\/equi-at-the-summer-universities-of-the-french-speaking-bar-associations-of-belgium\/#breadcrumblist"},"author":{"@id":"https:\/\/equilaw.be\/de\/author\/admin_equi\/#author"},"creator":{"@id":"https:\/\/equilaw.be\/de\/author\/admin_equi\/#author"},"image":{"@type":"ImageObject","url":"https:\/\/equilaw.be\/wp-content\/uploads\/2025\/02\/Rectangle-144-5.jpg","@id":"https:\/\/equilaw.be\/de\/equi-at-the-summer-universities-of-the-french-speaking-bar-associations-of-belgium\/#mainImage","width":434,"height":564},"primaryImageOfPage":{"@id":"https:\/\/equilaw.be\/de\/equi-at-the-summer-universities-of-the-french-speaking-bar-associations-of-belgium\/#mainImage"},"datePublished":"2026-08-18T14:52:21+02:00","dateModified":"2026-08-18T14:59:35+02:00"},{"@type":"WebSite","@id":"https:\/\/equilaw.be\/de\/#website","url":"https:\/\/equilaw.be\/de\/","name":"EQUI","description":"Belgische Kanzlei f\u00fcr Arbeitsrecht in Br\u00fcssel","inLanguage":"de-DE","publisher":{"@id":"https:\/\/equilaw.be\/de\/#organization"}}]},"og:locale":"de_DE","og:site_name":"EQUI - Belgische Kanzlei f\u00fcr Arbeitsrecht in Br\u00fcssel","og:type":"article","og:title":"EQUI bei den Sommeruniversit\u00e4ten der franz\u00f6sischsprachigen Anwaltskammern Belgiens - EQUI","og:description":"EQUI freut sich, am 18. und 19. August 2026 an den Sommeruniversit\u00e4ten der franz\u00f6sischsprachigen Anwaltskammern Belgiens teilzunehmen! Unser gesamtes Team wird vor Ort sein und freut sich auf die Gelegenheit, an spezialisierten Fortbildungen teilzunehmen, Kolleginnen und Kollegen aus der Rechtswelt zu treffen und bestehende Kontakte im Vorfeld des neuen Gerichtsjahres wieder aufzufrischen. \ud83c\udf1f Wir sehen","og:url":"https:\/\/equilaw.be\/de\/equi-at-the-summer-universities-of-the-french-speaking-bar-associations-of-belgium\/","og:image":"https:\/\/equilaw.be\/wp-content\/uploads\/2024\/12\/Group-60.svg","og:image:secure_url":"https:\/\/equilaw.be\/wp-content\/uploads\/2024\/12\/Group-60.svg","article:published_time":"2026-08-18T12:52:21+00:00","article:modified_time":"2026-08-18T12:59:35+00:00","twitter:card":"summary_large_image","twitter:title":"EQUI bei den Sommeruniversit\u00e4ten der franz\u00f6sischsprachigen Anwaltskammern Belgiens - EQUI","twitter:description":"EQUI freut sich, am 18. und 19. August 2026 an den Sommeruniversit\u00e4ten der franz\u00f6sischsprachigen Anwaltskammern Belgiens teilzunehmen! Unser gesamtes Team wird vor Ort sein und freut sich auf die Gelegenheit, an spezialisierten Fortbildungen teilzunehmen, Kolleginnen und Kollegen aus der Rechtswelt zu treffen und bestehende Kontakte im Vorfeld des neuen Gerichtsjahres wieder aufzufrischen. \ud83c\udf1f Wir sehen","twitter:image":"https:\/\/equilaw.be\/wp-content\/uploads\/2024\/12\/Group-60.svg"},"aioseo_meta_data":{"post_id":"1879","title":null,"description":null,"keywords":null,"keyphrases":{"focus":{"keyphrase":"","score":0,"analysis":{"keyphraseInTitle":{"score":0,"maxScore":9,"error":1}}},"additional":[]},"primary_term":null,"canonical_url":null,"og_title":null,"og_description":null,"og_object_type":"default","og_image_type":"default","og_image_url":null,"og_image_width":null,"og_image_height":null,"og_image_custom_url":null,"og_image_custom_fields":null,"og_video":"","og_custom_url":null,"og_article_section":null,"og_article_tags":null,"twitter_use_og":false,"twitter_card":"default","twitter_image_type":"default","twitter_image_url":null,"twitter_image_custom_url":null,"twitter_image_custom_fields":null,"twitter_title":null,"twitter_description":null,"schema":{"blockGraphs":[],"customGraphs":[],"default":{"data":{"Article":[],"Course":[],"Dataset":[],"FAQPage":[],"Movie":[],"Person":[],"Product":[],"ProductReview":[],"Car":[],"Recipe":[],"Service":[],"SoftwareApplication":[],"WebPage":[]},"graphName":"BlogPosting","isEnabled":true},"graphs":[]},"schema_type":"default","schema_type_options":null,"pillar_content":false,"robots_default":true,"robots_noindex":false,"robots_noarchive":false,"robots_nosnippet":false,"robots_nofollow":false,"robots_noimageindex":false,"robots_noodp":false,"robots_notranslate":false,"robots_max_snippet":"-1","robots_max_videopreview":"-1","robots_max_imagepreview":"large","priority":null,"frequency":"default","local_seo":null,"breadcrumb_settings":null,"limit_modified_date":false,"ai":{"faqs":[],"keyPoints":[],"schemas":[],"titles":[],"descriptions":[],"socialPosts":{"email":{"subject":"","preview":"","content":""},"linkedin":[],"twitter":[],"facebook":[],"instagram":[]}},"created":"2026-08-18 12:54:30","updated":"2026-08-18 17:12:00","seo_analyzer_scan_date":null,"focus_keyword":null,"additional_keywords":null,"truseo_locale":null},"aioseo_breadcrumb":"<div class=\"aioseo-breadcrumbs\"><span class=\"aioseo-breadcrumb\">\n\t\t\t<a href=\"https:\/\/equilaw.be\/de\/\" title=\"Home\">Home<\/a>\n\t\t<\/span><span class=\"aioseo-breadcrumb-separator\">&raquo;<\/span><span class=\"aioseo-breadcrumb\">\n\t\t\t<a href=\"https:\/\/equilaw.be\/de\/blog\/veranstaltungen\/\" title=\"Veranstaltungen\">Veranstaltungen<\/a>\n\t\t<\/span><span class=\"aioseo-breadcrumb-separator\">&raquo;<\/span><span class=\"aioseo-breadcrumb\">\n\t\t\tEQUI bei den Sommeruniversit\u00e4ten der franz\u00f6sischsprachigen Anwaltskammern Belgiens\n\t\t<\/span><\/div>","aioseo_breadcrumb_json":[{"label":"Home","link":"https:\/\/equilaw.be\/de\/"},{"label":"Veranstaltungen","link":"https:\/\/equilaw.be\/de\/blog\/veranstaltungen\/"},{"label":"EQUI bei den Sommeruniversit\u00e4ten der franz\u00f6sischsprachigen Anwaltskammern Belgiens","link":"https:\/\/equilaw.be\/de\/equi-at-the-summer-universities-of-the-french-speaking-bar-associations-of-belgium\/"}],"_links":{"self":[{"href":"https:\/\/equilaw.be\/de\/wp-json\/wp\/v2\/posts\/1879","targetHints":{"allow":["GET"]}}],"collection":[{"href":"https:\/\/equilaw.be\/de\/wp-json\/wp\/v2\/posts"}],"about":[{"href":"https:\/\/equilaw.be\/de\/wp-json\/wp\/v2\/types\/post"}],"author":[{"embeddable":true,"href":"https:\/\/equilaw.be\/de\/wp-json\/wp\/v2\/users\/2"}],"replies":[{"embeddable":true,"href":"https:\/\/equilaw.be\/de\/wp-json\/wp\/v2\/comments?post=1879"}],"version-history":[{"count":2,"href":"https:\/\/equilaw.be\/de\/wp-json\/wp\/v2\/posts\/1879\/revisions"}],"predecessor-version":[{"id":1888,"href":"https:\/\/equilaw.be\/de\/wp-json\/wp\/v2\/posts\/1879\/revisions\/1888"}],"wp:featuredmedia":[{"embeddable":true,"href":"https:\/\/equilaw.be\/de\/wp-json\/wp\/v2\/media\/843"}],"wp:attachment":[{"href":"https:\/\/equilaw.be\/de\/wp-json\/wp\/v2\/media?parent=1879"}],"wp:term":[{"taxonomy":"category","embeddable":true,"href":"https:\/\/equilaw.be\/de\/wp-json\/wp\/v2\/categories?post=1879"},{"taxonomy":"post_tag","embeddable":true,"href":"https:\/\/equilaw.be\/de\/wp-json\/wp\/v2\/tags?post=1879"}],"curies":[{"name":"wp","href":"https:\/\/api.w.org\/{rel}","templated":true}]}}